{"id":15845,"date":"2024-10-03T13:43:54","date_gmt":"2024-10-03T16:43:54","guid":{"rendered":"https:\/\/hostnetart.com.br\/baixada\/financiarios-da-contraf-cut-realizam-plenaria-para-detalhar-proposta-da-fenacrefi\/"},"modified":"2024-10-03T13:43:54","modified_gmt":"2024-10-03T16:43:54","slug":"financiarios-da-contraf-cut-realizam-plenaria-para-detalhar-proposta-da-fenacrefi","status":"publish","type":"post","link":"https:\/\/hostnetart.com.br\/baixada\/financiarios-da-contraf-cut-realizam-plenaria-para-detalhar-proposta-da-fenacrefi\/","title":{"rendered":"Financi\u00e1rios da Contraf-CUT realizam plen\u00e1ria para detalhar proposta da Fenacrefi"},"content":{"rendered":"<section class=\"page-wrapper\">\n<div class=\"page-wrapper__container container\">\n<article class=\"article-content\">\n<section class=\"news-details\">\n<div class=\"news-details__body\">\n<div class=\"news-details__main-content\">\n<div class=\"news-details__main-text visible\">\n<p>O Coletivo Nacional dos Financi\u00e1rios da Contraf-CUT realizar\u00e1 uma plen\u00e1ria virtual na pr\u00f3xima segunda-feira (07), \u00e0s 19h, para discutir e detalhar a proposta de acordo apresentada pela Federa\u00e7\u00e3o Interestadual das Institui\u00e7\u00f5es de Cr\u00e9dito, Financiamento e Investimento (Fenacrefi), no dia 27 de setembro. A proposta de renova\u00e7\u00e3o da Conven\u00e7\u00e3o Coletiva de Trabalho (CCT) traz a perspectiva de assinatura do acordo no dia 11 de outubro de 2024.<\/p>\n<p>Logo ap\u00f3s a plen\u00e1ria, \u00e0s 20h, ter\u00e1 in\u00edcio a assembleia de avalia\u00e7\u00e3o e vota\u00e7\u00e3o, que se estender\u00e1 at\u00e9 \u00e0s 20h da ter\u00e7a-feira (08). O Coletivo dos Financi\u00e1rios recomenda a aprova\u00e7\u00e3o do acordo. \u201cN\u00f3s conseguimos manter todos os direitos da CCT e tivemos o reajuste pelo INPC, al\u00e9m de ganho real em 2024 e 2025, por isso indicamos a aprova\u00e7\u00e3o\u201d, explicou Magaly Fagundes, secret\u00e1ria de Organiza\u00e7\u00e3o do Ramo Financeiro e Pol\u00edtica Sindical da Contraf-CUT.<\/p>\n<p>Inscreva-se antecipadamente para esta plen\u00e1ria:<\/p>\n<p><a href=\"https:\/\/us06web.zoom.us\/meeting\/register\/tZIkcuyrqj4vEtSaOu_9jv_n882K05-36Lxh\">https:\/\/us06web.zoom.us\/meeting\/register\/tZIkcuyrqj4vEtSaOu_9jv_n882K05-36Lxh<\/a><\/p>\n<p>Ap\u00f3s a inscri\u00e7\u00e3o, voc\u00ea receber\u00e1 um e-mail de confirma\u00e7\u00e3o contendo informa\u00e7\u00f5es sobre como entrar na reuni\u00e3o.<\/p>\n<p>Confira a proposta na imagem abaixo e participe da plen\u00e1ria para entender todos os detalhes do acordo.<\/p>\n<p><img fetchpriority=\"high\" decoding=\"async\" class=\"alignnone size-full wp-image-25672\" src=\"https:\/\/fetrafrjes.org.br\/wp-content\/uploads\/2024\/10\/Financiarios-da-Contraf-CUT-realizam-plenaria-para-detalhar-proposta-da-Fenacrefi-2.jpeg\" alt=\"\" width=\"612\" height=\"588\" \/><\/p>\n<p><strong>Fonte: Contraf-CUT<\/strong><\/p>\n<section class=\"block__image\">\n<div class=\"container block__image-container--md\">\u00a0<\/div>\n<\/section>\n<\/div>\n<\/div>\n<\/div>\n<\/section>\n<\/article>\n<div id=\"lumIId2C9580848F88EB85018F88EF653F0133\">\u00a0<\/div>\n<\/div>\n<\/section>\n<section class=\"similar-news\">\n<div class=\"similar-news__container container\">\n<div class=\"similar-news__content\">\n<div class=\"default-title\">\n<h3>\u00a0<\/h3>\n<\/div>\n<\/div>\n<\/div>\n<\/section>\n","protected":false},"excerpt":{"rendered":"<p>O Coletivo Nacional dos Financi\u00e1rios da Contraf-CUT realizar\u00e1 uma plen\u00e1ria virtual na pr\u00f3xima segunda-feira (07), \u00e0s 19h, para discutir e detalhar a proposta de acordo apresentada pela Federa\u00e7\u00e3o Interestadual das Institui\u00e7\u00f5es de Cr\u00e9dito, Financiamento e Investimento (Fenacrefi), no dia 27 de setembro. A proposta de renova\u00e7\u00e3o da Conven\u00e7\u00e3o Coletiva de Trabalho (CCT) traz a perspectiva [&hellip;]<\/p>\n","protected":false},"author":2,"featured_media":15844,"comment_status":"","ping_status":"","sticky":false,"template":"","format":"standard","meta":{"footnotes":""},"categories":[3],"tags":[],"class_list":["post-15845","post","type-post","status-publish","format-standard","has-post-thumbnail","hentry","category-noticias"],"_links":{"self":[{"href":"https:\/\/hostnetart.com.br\/baixada\/wp-json\/wp\/v2\/posts\/15845","targetHints":{"allow":["GET"]}}],"collection":[{"href":"https:\/\/hostnetart.com.br\/baixada\/wp-json\/wp\/v2\/posts"}],"about":[{"href":"https:\/\/hostnetart.com.br\/baixada\/wp-json\/wp\/v2\/types\/post"}],"author":[{"embeddable":true,"href":"https:\/\/hostnetart.com.br\/baixada\/wp-json\/wp\/v2\/users\/2"}],"replies":[{"embeddable":true,"href":"https:\/\/hostnetart.com.br\/baixada\/wp-json\/wp\/v2\/comments?post=15845"}],"version-history":[{"count":0,"href":"https:\/\/hostnetart.com.br\/baixada\/wp-json\/wp\/v2\/posts\/15845\/revisions"}],"wp:featuredmedia":[{"embeddable":true,"href":"https:\/\/hostnetart.com.br\/baixada\/wp-json\/wp\/v2\/media\/15844"}],"wp:attachment":[{"href":"https:\/\/hostnetart.com.br\/baixada\/wp-json\/wp\/v2\/media?parent=15845"}],"wp:term":[{"taxonomy":"category","embeddable":true,"href":"https:\/\/hostnetart.com.br\/baixada\/wp-json\/wp\/v2\/categories?post=15845"},{"taxonomy":"post_tag","embeddable":true,"href":"https:\/\/hostnetart.com.br\/baixada\/wp-json\/wp\/v2\/tags?post=15845"}],"curies":[{"name":"wp","href":"https:\/\/api.w.org\/{rel}","templated":true}]}}