{"id":15843,"date":"2024-10-02T03:05:54","date_gmt":"2024-10-02T06:05:54","guid":{"rendered":"https:\/\/hostnetart.com.br\/baixada\/sindicato-dos-bancarios-da-baixada-fluminense-reintegra-mais-um-funcionario-do-itau-3\/"},"modified":"2024-10-02T03:05:54","modified_gmt":"2024-10-02T06:05:54","slug":"sindicato-dos-bancarios-da-baixada-fluminense-reintegra-mais-um-funcionario-do-itau-3","status":"publish","type":"post","link":"https:\/\/hostnetart.com.br\/baixada\/sindicato-dos-bancarios-da-baixada-fluminense-reintegra-mais-um-funcionario-do-itau-3\/","title":{"rendered":"Sindicato dos Banc\u00e1rios da Baixada Fluminense reintegra mais um funcion\u00e1rio do Ita\u00fa"},"content":{"rendered":"<p>Enquanto os bancos seguem demitindo, o Sindicato dos Banc\u00e1rios da Baixada Fluminense continua na luta e reintegrando banc\u00e1rios e banc\u00e1rias.<\/p>\n<p>Nesta ter\u00e7a-feira, 1 de outubro, Leandro Levi, funcion\u00e1rio do Banco Ita\u00fa, que havia sido demitido injustamente, teve a dignidade restabelecida, ap\u00f3s decis\u00e3o da justi\u00e7a, e foi reintegrado.<\/p>\n<p><b>Entenda<\/b><\/p>\n<p>Leandro estava acometido de doen\u00e7a ocupacional, mas o benef\u00edcio previdenci\u00e1rio foi deferido pelo INSS. Al\u00e9m disso, o funcion\u00e1rio \u00e9 Pessoa com Defici\u00eancia (PCD) e, ao realizar a demiss\u00e3o, o banco descumpriu a lei 8213\/91, que garante estabilidade provis\u00f3ria de emprego.<\/p>\n<p>Com isso, o juiz determinou sua reintegra\u00e7\u00e3o.<\/p>\n<p>Ap\u00f3s saber informado de sua demiss\u00e3o, o banc\u00e1rio, que \u00e9 sindicalizado, procurou atendimento no Sindicato dos Banc\u00e1rios da Baixada Fluminense, onde foi prontamente atendido pelo Departamento Jur\u00eddico, atrav\u00e9s do advogado Luiz Paulo, do Escrit\u00f3rio Baptista &amp; Reis Advogados Associados, e pelo Departamento de Sa\u00fade.<\/p>\n<\/p>\n<p><strong>IMPORTANTE<\/strong><\/p>\n<p>\u00c9 fundamental que banc\u00e1rias e banc\u00e1rios, logo que sejam informados de suas demiss\u00f5es, procurem imediatamente atendimento no Sindicato.<\/p>\n<p><b>ATENDIMENTO JUR\u00cdDICO PRESENCIAL<\/b><\/p>\n<p>Nova Igua\u00e7u\u00a0&#8211; \u00e0s\u00a0<em><strong>ter\u00e7as-feiras<\/strong><\/em>, das 11 horas <span dir=\"ltr\">\u00e0 13 horas<\/span>e das 14 horas \u00e0s 17 horas (telefone: <span dir=\"ltr\"><a href=\"tel:21 \/ 2658-8041\">21 \/ 2658-8041<\/a><\/span>)<\/p>\n<p>Duque de Caxias\u00a0&#8211; \u00e0s\u00a0<strong><em>quintas-feiras<\/em><\/strong>, das 10 horas \u00e0s 13 horas (telefone: <span dir=\"ltr\"><a href=\"tel:21 \/ 26710-110\">21 \/ 26710-110<\/a><\/span>)<\/p>\n<p><b>SINDICALIZE-SE!<\/b><\/p>\n","protected":false},"excerpt":{"rendered":"<p>Enquanto os bancos seguem demitindo, o Sindicato dos Banc\u00e1rios da Baixada Fluminense continua na luta e reintegrando banc\u00e1rios e banc\u00e1rias. Nesta ter\u00e7a-feira, 1 de outubro, Leandro Levi, funcion\u00e1rio do Banco Ita\u00fa, que havia sido demitido injustamente, teve a dignidade restabelecida, ap\u00f3s decis\u00e3o da justi\u00e7a, e foi reintegrado. Entenda Leandro estava acometido de doen\u00e7a ocupacional, mas [&hellip;]<\/p>\n","protected":false},"author":2,"featured_media":15842,"comment_status":"","ping_status":"","sticky":false,"template":"","format":"standard","meta":{"footnotes":""},"categories":[3],"tags":[],"class_list":["post-15843","post","type-post","status-publish","format-standard","has-post-thumbnail","hentry","category-noticias"],"_links":{"self":[{"href":"https:\/\/hostnetart.com.br\/baixada\/wp-json\/wp\/v2\/posts\/15843","targetHints":{"allow":["GET"]}}],"collection":[{"href":"https:\/\/hostnetart.com.br\/baixada\/wp-json\/wp\/v2\/posts"}],"about":[{"href":"https:\/\/hostnetart.com.br\/baixada\/wp-json\/wp\/v2\/types\/post"}],"author":[{"embeddable":true,"href":"https:\/\/hostnetart.com.br\/baixada\/wp-json\/wp\/v2\/users\/2"}],"replies":[{"embeddable":true,"href":"https:\/\/hostnetart.com.br\/baixada\/wp-json\/wp\/v2\/comments?post=15843"}],"version-history":[{"count":0,"href":"https:\/\/hostnetart.com.br\/baixada\/wp-json\/wp\/v2\/posts\/15843\/revisions"}],"wp:featuredmedia":[{"embeddable":true,"href":"https:\/\/hostnetart.com.br\/baixada\/wp-json\/wp\/v2\/media\/15842"}],"wp:attachment":[{"href":"https:\/\/hostnetart.com.br\/baixada\/wp-json\/wp\/v2\/media?parent=15843"}],"wp:term":[{"taxonomy":"category","embeddable":true,"href":"https:\/\/hostnetart.com.br\/baixada\/wp-json\/wp\/v2\/categories?post=15843"},{"taxonomy":"post_tag","embeddable":true,"href":"https:\/\/hostnetart.com.br\/baixada\/wp-json\/wp\/v2\/tags?post=15843"}],"curies":[{"name":"wp","href":"https:\/\/api.w.org\/{rel}","templated":true}]}}