{"id":15841,"date":"2024-10-02T03:05:06","date_gmt":"2024-10-02T06:05:06","guid":{"rendered":"https:\/\/hostnetart.com.br\/baixada\/em-resposta-ao-movimento-sindical-bb-abre-possibilidade-de-compensacao-de-horas-paradas\/"},"modified":"2024-10-02T03:05:06","modified_gmt":"2024-10-02T06:05:06","slug":"em-resposta-ao-movimento-sindical-bb-abre-possibilidade-de-compensacao-de-horas-paradas","status":"publish","type":"post","link":"https:\/\/hostnetart.com.br\/baixada\/em-resposta-ao-movimento-sindical-bb-abre-possibilidade-de-compensacao-de-horas-paradas\/","title":{"rendered":"Em resposta ao Movimento Sindical, BB abre possibilidade de compensa\u00e7\u00e3o de horas paradas"},"content":{"rendered":"<\/p>\n<p>O Movimento Sindical, atrav\u00e9s da Confedera\u00e7\u00e3o Nacional dos Trabalhadores do Ramo Financeiro (Contraf-CUT), enviou um of\u00edcio \u00e0 dire\u00e7\u00e3o do Banco do Brasil (BB) no dia 19 de setembro, solicitando o abono dos dias de greve para os funcion\u00e1rios e funcion\u00e1rias que participaram das paralisa\u00e7\u00f5es em setembro de 2024. A reivindica\u00e7\u00e3o foi feita a pedido dos sindicatos filiados \u00e0 confedera\u00e7\u00e3o.<\/p>\n<p>Em resposta ao of\u00edcio, o Banco do Brasil informou que as aus\u00eancias registradas durante o movimento grevista, desde que formalizadas antecipadamente ao banco, ser\u00e3o convertidas em horas negativas e inseridas no Banco de Horas, conforme disposto na Cl\u00e1usula 5\u00aa do Acordo Coletivo de Trabalho (ACT). Essas horas poder\u00e3o ser compensadas at\u00e9 o dia 31 de dezembro de 2024.<\/p>\n<p>Al\u00e9m disso, o BB comunicou que os funcion\u00e1rios ter\u00e3o a possibilidade de utilizar abonos e folgas, exceto as da Justi\u00e7a Eleitoral, para compensar essas horas negativas. Os valores referentes aos dias de paralisa\u00e7\u00e3o que foram descontados, bem como os impactos nos vales-alimenta\u00e7\u00e3o e refei\u00e7\u00e3o, ser\u00e3o devolvidos aos trabalhadores em outubro de 2024.<\/p>\n<p>\u201cAtrav\u00e9s da intermedia\u00e7\u00e3o da Contraf, ser\u00e1 poss\u00edvel aos banc\u00e1rios e banc\u00e1rias, mesmo de sindicatos n\u00e3o filiados, a compensa\u00e7\u00e3o dos dias de greve. Mesmo com o ACT assinado, houve sindicatos filiados em que a base democraticamente decidiu pelo exerc\u00edcio do direito de greve, e a Contraf, suas federa\u00e7\u00f5es e sindicatos filiados sempre v\u00e3o defender a liberdade e autonomia dos trabalhadores de exerc\u00ea-lo. Essa possibilidade de revers\u00e3o dos descontos e compensa\u00e7\u00e3o \u00e9 o reconhecimento de nosso direito constitucional\u201d, disse o secret\u00e1rio geral da Contraf-CUT, Gustavo Tabatinga, que \u00e9 funcion\u00e1rio do banco do Brasil.<\/p>\n<p>\u201cA compensa\u00e7\u00e3o ser\u00e1 facultada aos funcion\u00e1rios das bases da Contraf-CUT que assinarem acordo aditivo junto ao Banco do Brasil\u201d, explicou a coordenadora da Comiss\u00e3o Nacional dos Funcion\u00e1rios do Banco do Brasil, Fernanda Lopes.<\/p>\n<p>As paralisa\u00e7\u00f5es que ocorreram em setembro envolveram trabalhadores em diferentes bases sindicais do pa\u00eds. As mobiliza\u00e7\u00f5es terminaram ap\u00f3s a aprova\u00e7\u00e3o do novo acordo de reajuste salarial, v\u00e1lido de agosto de 2024 a agosto de 2026, em assembleias locais.<\/p>\n<p><strong>Fonte: Contraf-CUT<\/strong><\/p>\n","protected":false},"excerpt":{"rendered":"<p>O Movimento Sindical, atrav\u00e9s da Confedera\u00e7\u00e3o Nacional dos Trabalhadores do Ramo Financeiro (Contraf-CUT), enviou um of\u00edcio \u00e0 dire\u00e7\u00e3o do Banco do Brasil (BB) no dia 19 de setembro, solicitando o abono dos dias de greve para os funcion\u00e1rios e funcion\u00e1rias que participaram das paralisa\u00e7\u00f5es em setembro de 2024. A reivindica\u00e7\u00e3o foi feita a pedido dos [&hellip;]<\/p>\n","protected":false},"author":2,"featured_media":15840,"comment_status":"","ping_status":"","sticky":false,"template":"","format":"standard","meta":{"footnotes":""},"categories":[3],"tags":[],"class_list":["post-15841","post","type-post","status-publish","format-standard","has-post-thumbnail","hentry","category-noticias"],"_links":{"self":[{"href":"https:\/\/hostnetart.com.br\/baixada\/wp-json\/wp\/v2\/posts\/15841","targetHints":{"allow":["GET"]}}],"collection":[{"href":"https:\/\/hostnetart.com.br\/baixada\/wp-json\/wp\/v2\/posts"}],"about":[{"href":"https:\/\/hostnetart.com.br\/baixada\/wp-json\/wp\/v2\/types\/post"}],"author":[{"embeddable":true,"href":"https:\/\/hostnetart.com.br\/baixada\/wp-json\/wp\/v2\/users\/2"}],"replies":[{"embeddable":true,"href":"https:\/\/hostnetart.com.br\/baixada\/wp-json\/wp\/v2\/comments?post=15841"}],"version-history":[{"count":0,"href":"https:\/\/hostnetart.com.br\/baixada\/wp-json\/wp\/v2\/posts\/15841\/revisions"}],"wp:featuredmedia":[{"embeddable":true,"href":"https:\/\/hostnetart.com.br\/baixada\/wp-json\/wp\/v2\/media\/15840"}],"wp:attachment":[{"href":"https:\/\/hostnetart.com.br\/baixada\/wp-json\/wp\/v2\/media?parent=15841"}],"wp:term":[{"taxonomy":"category","embeddable":true,"href":"https:\/\/hostnetart.com.br\/baixada\/wp-json\/wp\/v2\/categories?post=15841"},{"taxonomy":"post_tag","embeddable":true,"href":"https:\/\/hostnetart.com.br\/baixada\/wp-json\/wp\/v2\/tags?post=15841"}],"curies":[{"name":"wp","href":"https:\/\/api.w.org\/{rel}","templated":true}]}}