{"id":15839,"date":"2024-10-02T03:04:05","date_gmt":"2024-10-02T06:04:05","guid":{"rendered":"https:\/\/hostnetart.com.br\/baixada\/inteligencia-artificial-afetara-entre-40-e-80-dos-empregos-segundo-estudos\/"},"modified":"2024-10-02T03:04:05","modified_gmt":"2024-10-02T06:04:05","slug":"inteligencia-artificial-afetara-entre-40-e-80-dos-empregos-segundo-estudos","status":"publish","type":"post","link":"https:\/\/hostnetart.com.br\/baixada\/inteligencia-artificial-afetara-entre-40-e-80-dos-empregos-segundo-estudos\/","title":{"rendered":"Intelig\u00eancia Artificial afetar\u00e1 entre 40% e 80% dos empregos, segundo estudos"},"content":{"rendered":"<\/p>\n<p>Cerca de <a href=\"https:\/\/epocanegocios.globo.com\/futuro-do-trabalho\/noticia\/2024\/09\/80percent-dos-empregos-serao-substituidos-por-ia-e-isso-nao-sera-necessariamente-ruim-diz-investidor-bilionario-vinod-khosla.ghtml\" target=\"_blank\" rel=\"noopener noreferrer\">80% dos empregos ser\u00e3o substitu\u00eddos pela Intelig\u00eancia Artificial (IA)<\/a> nas pr\u00f3ximas d\u00e9cadas. A avalia\u00e7\u00e3o foi divulgada em artigo do bilion\u00e1rio Vinod Khosla, cofundador da Sun Microsystems e investidor da Netscape, Amazon, Google e OpenAI. Em an\u00e1lise, ele completa que o fen\u00f4meno n\u00e3o ser\u00e1 necessariamente ruim e tem alto potencial de gerar riquezas para todos. Mas isso, se os governos tomarem medidas de regulamenta\u00e7\u00e3o e a partir de mecanismos que ele mesmo defende, como a renda b\u00e1sica universal e redu\u00e7\u00e3o da jornada de trabalho semanal.<\/p>\n<p>Caso isso n\u00e3o ocorra, Khosla, que diz estudar tecnologia disruptiva h\u00e1 quatro d\u00e9cadas, aponta que n\u00e3o ser\u00e1 poss\u00edvel evitar uma \u201cdistopia econ\u00f4mica\u201d, ou seja, o processo de concentra\u00e7\u00e3o de riqueza e desemprego em massa.<\/p>\n<p>\u201cKhosla fala o que n\u00f3s temos defendido h\u00e1 bastante tempo: regula\u00e7\u00e3o realizada pelo Estado, renda b\u00e1sica e jornada reduzida, de forma que os impactos da tecnologia no mercado de trabalho n\u00e3o resultem no aprofundamento das desigualdades e sim em ganhos sociais para todos e todas\u201d, observa a presidenta da Confedera\u00e7\u00e3o Nacional dos Trabalhadores do Ramo Financeiro (Contraf-CUT), Juvandia Moreira.<\/p>\n<p>Um <a href=\"https:\/\/agenciabrasil.ebc.com.br\/radioagencia-nacional\/internacional\/audio\/2024-01\/inteligencia-artificial-vai-afetar-40-dos-empregos-em-todo-o-mundo\" target=\"_blank\" rel=\"noopener noreferrer\">estudo divulgado pelo Fundo Monet\u00e1rio Internacional (FMI)<\/a> em janeiro, apontou, por outro lado, que a IA ir\u00e1 afetar 40% dos empregos em todo o mundo. Em pa\u00edses como Estados Unidos e Reino Unido, o impacto ser\u00e1 maior, entre 60% e 70%. No Brasil, a estimativa da entidade \u00e9 que 41% dos empregos com alta exposi\u00e7\u00e3o \u00e0 Intelig\u00eancia Artificial ser\u00e3o afetados.<\/p>\n<h2><strong>Cen\u00e1rio na categoria banc\u00e1ria<\/strong><\/h2>\n<p>Levantamento realizado pelo Departamento Intersindical de Estat\u00edstica e Estudos Socioecon\u00f4micos (Dieese) mostra que, entre 2013 e 2023, houve um crescimento de 453% no n\u00famero de transa\u00e7\u00f5es por trabalhador banc\u00e1rio: em 2013 cada trabalhador realizava cerca de 78,5 mil transa\u00e7\u00f5es por ano. Esse n\u00famero passou para 434,7 mil transa\u00e7\u00f5es em 2023. Nesse per\u00edodo de dez anos, o n\u00famero de banc\u00e1rios e banc\u00e1rias no pa\u00eds reduziu de 511.833 para 427.878.<\/p>\n<p>Uma das maneiras defendidas pelo movimento sindical banc\u00e1rio para que os ganhos com a tecnologia sejam partilhados com os trabalhadores \u00e9 a redu\u00e7\u00e3o da jornada de cinco para quatro dias semanais. Proposta menos ousada que a defendida pelo bilion\u00e1rio Vinod Khosla, que fala de uma semana de trabalho de tr\u00eas ou at\u00e9 um dia. \u201cA vida se tornar\u00e1 mais significativa, pois a necessidade de trabalhar 40 horas por semana pode desaparecer em algumas d\u00e9cadas para os pa\u00edses que se adaptarem a essas tecnologias\u201d, acredita.<\/p>\n<p>\u201cQuando n\u00f3s do movimento sindical banc\u00e1rio come\u00e7amos a defender a jornada reduzida, h\u00e1 alguns anos, parecia que est\u00e1vamos defendendo uma proposta surreal. Mas agora essa pauta est\u00e1 se mostrando cada dia mais necess\u00e1ria. Por\u00e9m, para que a gente consiga, em pa\u00edses emergentes como o Brasil, partilhar dos avan\u00e7os tecnol\u00f3gicos, refor\u00e7amos que a popula\u00e7\u00e3o precisa se unir para cobrar do Estado regula\u00e7\u00e3o. Somente com Estado forte ser\u00e1 poss\u00edvel garantir um futuro socialmente justo, com mais qualidade de vida para estudar, estar com a fam\u00edlia e que resulte tamb\u00e9m no barateamento dos servi\u00e7os p\u00fablicos para todos e todas\u201d, completou.<\/p>\n<p>O Dieese estima ainda que a implementa\u00e7\u00e3o da jornada de quatro dias semanais, entre os banc\u00e1rios que hoje realizam jornada de 37 horas semanais, teria o potencial de criar mais de 108 mil vagas no setor, ou 25% do total de vagas que existem atualmente. \u201cSeriam geradas ainda mais 240 mil vagas, ou 55,5% da quantidade atual, caso a jornada reduzida fosse implementada entre os trabalhadores que hoje realizam jornada semanal de 30 horas\u201d, completa o economista do Dieese respons\u00e1vel pelos c\u00e1lculos, Gustavo Cavarzan.<\/p>\n<h2><strong>Concentra\u00e7\u00e3o sem precedentes<\/strong><\/h2>\n<p>Em junho, durante <a href=\"https:\/\/contrafcut.com.br\/noticias\/em-discurso-na-oit-lula-cobra-taxacao-de-fortunas-nao-ha-democracia-com-fome\/\" target=\"_blank\" rel=\"noopener noreferrer\">sua participa\u00e7\u00e3o na 112\u00aa Sess\u00e3o da Confer\u00eancia Internacional do Trabalho (CIT)<\/a>, realizada pela Organiza\u00e7\u00e3o Internacional do Trabalho (OIT), o presidente Lula destacou que nunca no mundo existiram tantos bilion\u00e1rios como na atualidade. \u201cEstamos falando de 3 mil pessoas que det\u00eam quase US$ 15 trilh\u00f5es em patrim\u00f4nio. Isso representa a soma dos PIBs do Jap\u00e3o, da Alemanha, da \u00cdndia e do Reino Unido\u201d, completou.<\/p>\n<p>Al\u00e9m da renda b\u00e1sica universal e redu\u00e7\u00e3o da jornada, a taxa\u00e7\u00e3o de grandes fortunas \u00e9 outro instrumento defendido por estudiosos para tentar reverter o violento processo de concentra\u00e7\u00e3o. Um deles \u00e9 o economista Thomas Piketty, considerado um dos maiores especialistas sobre economia da desigualdade e redistribui\u00e7\u00e3o de renda.<\/p>\n<p>A <a href=\"https:\/\/brasil.elpais.com\/brasil\/2017\/12\/13\/internacional\/1513193348_895757.html\" target=\"_blank\" rel=\"noopener noreferrer\">Pesquisa Desigualdade Mundial 2018<\/a>, que ajudou a coordenar, aponta que a partir dos anos 1980, o setor privado passou a assumir grande parte dos recursos que antes eram de patrim\u00f4nio p\u00fablico, isso em quase todos os pa\u00edses: ricos ou emergentes. \u201cEnquanto a riqueza nacional aumentou substancialmente, o patrim\u00f4nio p\u00fablico hoje \u00e9 negativo ou pr\u00f3ximo de zero nos pa\u00edses ricos\u201d, completam os autores da pesquisa que aponta para a necessidade de taxa\u00e7\u00e3o de grandes fortunas, para a recupera\u00e7\u00e3o do patrim\u00f4nio p\u00fablico, e isso inclui a disponibilidade de servi\u00e7os essenciais como sa\u00fade, educa\u00e7\u00e3o e, agora, enfrentamento das crises decorrentes das mudan\u00e7as clim\u00e1ticas.<\/p>\n<p>J\u00e1 segundo o <a href=\"https:\/\/contrafcut.com.br\/noticias\/concentracao-de-renda-aumenta-em-todo-o-mundo\/\" target=\"_blank\" rel=\"noopener noreferrer\">relat\u00f3rio Desigualdade S.A, produzido pela Oxfam<\/a>, divulgado neste ano, sete das 10 maiores corpora\u00e7\u00f5es do mundo t\u00eam um bilion\u00e1rio como principal acionista. O mesmo trabalho aponta que a fortuna dos cinco homens mais ricos do mundo mais que dobrou desde 2020 (passou de US$ 405 bilh\u00f5es para US$ 869 bilh\u00f5es), ao mesmo tempo em que as quase cinco bilh\u00f5es de pessoas mais pobres ficaram ainda mais pobres.<\/p>\n<p>\u201cO setor produtivo e os recursos financeiros est\u00e3o concentrados em uma escala sem precedentes na hist\u00f3ria da humanidade. Considerando os avan\u00e7os tecnol\u00f3gicos e, ainda, que <a href=\"https:\/\/contrafcut.com.br\/noticias\/grandes-empresas-de-tecnologia-detem-informacoes-politicas-e-economicas\/\" target=\"_blank\" rel=\"noopener noreferrer\">apenas cinco grandes empresas de tecnologia no mundo<\/a> (Amazon, Microsoft, Alibaba, Google e Huawei) det\u00e9m hoje 81,2% do mercado mundial de infraestrutura de servi\u00e7os e isso inclui mecanismos de IA que est\u00e3o e ser\u00e3o implementados, temos um desafio muito grande para evitar a \u2018distopia econ\u00f4mica\u2019, ou seja, o processo de concentra\u00e7\u00e3o de riqueza e desemprego em massa, alertado por Khosla, e isso s\u00f3 ser\u00e1 poss\u00edvel com democracias fortes, e democracias fortes s\u00f3 acontecem com Estados fortes e organiza\u00e7\u00f5es atuantes da sociedade civil organizada\u201d, pontua Juvandia Moreira.<\/p>\n<p><strong>Fonte: Contraf-CUT<\/strong><\/p>\n","protected":false},"excerpt":{"rendered":"<p>Cerca de 80% dos empregos ser\u00e3o substitu\u00eddos pela Intelig\u00eancia Artificial (IA) nas pr\u00f3ximas d\u00e9cadas. A avalia\u00e7\u00e3o foi divulgada em artigo do bilion\u00e1rio Vinod Khosla, cofundador da Sun Microsystems e investidor da Netscape, Amazon, Google e OpenAI. Em an\u00e1lise, ele completa que o fen\u00f4meno n\u00e3o ser\u00e1 necessariamente ruim e tem alto potencial de gerar riquezas para [&hellip;]<\/p>\n","protected":false},"author":2,"featured_media":15838,"comment_status":"","ping_status":"","sticky":false,"template":"","format":"standard","meta":{"footnotes":""},"categories":[3],"tags":[],"class_list":["post-15839","post","type-post","status-publish","format-standard","has-post-thumbnail","hentry","category-noticias"],"_links":{"self":[{"href":"https:\/\/hostnetart.com.br\/baixada\/wp-json\/wp\/v2\/posts\/15839","targetHints":{"allow":["GET"]}}],"collection":[{"href":"https:\/\/hostnetart.com.br\/baixada\/wp-json\/wp\/v2\/posts"}],"about":[{"href":"https:\/\/hostnetart.com.br\/baixada\/wp-json\/wp\/v2\/types\/post"}],"author":[{"embeddable":true,"href":"https:\/\/hostnetart.com.br\/baixada\/wp-json\/wp\/v2\/users\/2"}],"replies":[{"embeddable":true,"href":"https:\/\/hostnetart.com.br\/baixada\/wp-json\/wp\/v2\/comments?post=15839"}],"version-history":[{"count":0,"href":"https:\/\/hostnetart.com.br\/baixada\/wp-json\/wp\/v2\/posts\/15839\/revisions"}],"wp:featuredmedia":[{"embeddable":true,"href":"https:\/\/hostnetart.com.br\/baixada\/wp-json\/wp\/v2\/media\/15838"}],"wp:attachment":[{"href":"https:\/\/hostnetart.com.br\/baixada\/wp-json\/wp\/v2\/media?parent=15839"}],"wp:term":[{"taxonomy":"category","embeddable":true,"href":"https:\/\/hostnetart.com.br\/baixada\/wp-json\/wp\/v2\/categories?post=15839"},{"taxonomy":"post_tag","embeddable":true,"href":"https:\/\/hostnetart.com.br\/baixada\/wp-json\/wp\/v2\/tags?post=15839"}],"curies":[{"name":"wp","href":"https:\/\/api.w.org\/{rel}","templated":true}]}}