{"id":15837,"date":"2024-10-02T03:01:49","date_gmt":"2024-10-02T06:01:49","guid":{"rendered":"https:\/\/hostnetart.com.br\/baixada\/escolha-com-cuidado-seu-vereador\/"},"modified":"2024-10-02T03:01:49","modified_gmt":"2024-10-02T06:01:49","slug":"escolha-com-cuidado-seu-vereador","status":"publish","type":"post","link":"https:\/\/hostnetart.com.br\/baixada\/escolha-com-cuidado-seu-vereador\/","title":{"rendered":"Escolha com cuidado seu vereador"},"content":{"rendered":"<p>\u00a0<\/p>\n<p>O parlamento \u00e9 uma das bases do trip\u00e9 (Poder Executivo, Poder Legislativo e Poder Judici\u00e1rio) que sustenta o sistema sociopol\u00edtico nas democracias modernas em todas suas esferas de organiza\u00e7\u00e3o social (federal, estadual, distrital e municipal). Mas normalmente \u00e9 relegado ao segundo plano em todas as elei\u00e7\u00f5es, tanto pelos meios de comunica\u00e7\u00e3o, quanto pelos pr\u00f3prios eleitores. Prova disso \u00e9 que, a uma semana do pleito, segundo <a href=\"https:\/\/www1.folha.uol.com.br\/poder\/2024\/09\/datafolha-67-dizem-ainda-nao-ter-escolhido-candidato-a-vereador-em-sp.shtml\" target=\"_blank\" rel=\"noopener noreferrer\">pesquisa Datafolha<\/a>, 67% dos eleitores da cidade de S\u00e3o Paulo, o maior col\u00e9gio eleitoral do pa\u00eds, ainda n\u00e3o definiram em quem v\u00e3o votar para vereador ou vereadora. Apenas para compara\u00e7\u00e3o, o mesmo instituto de pesquisa aponta que apenas 3% n\u00e3o decidiram em quem v\u00e3o votar para assumir a prefeitura.<\/p>\n<p>Para o secret\u00e1rio de Rela\u00e7\u00f5es do Trabalho da Confedera\u00e7\u00e3o Nacional dos Trabalhadores do Ramo Financeiro (Contraf-CUT), Jeferson Meira, o Jef\u00e3o, este comportamento dos brasileiros, muitas vezes, acaba colocando o Poder Executivo nas m\u00e3os do Legislativo. \u201cEste menosprezo pelas elei\u00e7\u00f5es proporcionais \u00e9 extremamente prejudicial ao funcionamento do munic\u00edpio, pois favorece a elei\u00e7\u00e3o de candidatos carreiristas, ou que n\u00e3o t\u00eam compromisso com um projeto de desenvolvimento da cidade\u201d, disse o dirigente da Contraf-CUT. \u201cAcaba elegendo o tipo de parlamentar que vota de acordo com seus pr\u00f3prios interesses, usando seu mandato como moeda de troca de favores ou para enriquecimento il\u00edcito\u201d, completou.<\/p>\n<p>Jef\u00e3o explica que, muitas vezes, governantes, de todas as esferas de poder, ficam de m\u00e3os atadas e somente conseguem fazer andar projetos de interesse para a cidade, estado, ou pa\u00eds, se h\u00e1 alguma forma de troca de favor com estes parlamentares. \u201c\u00c9 assim que surgem anomalias como as emendas secretas. E, em muitos casos, se os governantes n\u00e3o cedem, os projetos n\u00e3o andam e ainda correm risco de impeachment\u201d, lamentou. \u201cEste tipo de parlamentar, em nenhum momento se importa com os interesses da popula\u00e7\u00e3o, apesar de se dizer \u2018representante do povo\u2019. Aqueles que verdadeiramente representam o povo, assim como os governantes, tamb\u00e9m t\u00eam seu trabalho parlamentar prejudicado pelos chamados fisiologistas, que somente votam projetos de interesse da popula\u00e7\u00e3o quando recebem algo em troca\u201d, completou.<\/p>\n<p>Por isso, Jef\u00e3o recomenda aten\u00e7\u00e3o e responsabilidade com o voto para vereador nas pr\u00f3ximas elei\u00e7\u00f5es. \u201cE, para al\u00e9m do voto, \u00e9 importante que os eleitores guardem bem o nome do candidato, ou candidata, que votou, para que, caso ele, ou ela se eleja, possa verificar se sua atua\u00e7\u00e3o condiz com o que prometeu na campanha\u201d, orientou. \u201cMuitos candidatos \u2018lacram\u2019 nas redes sociais, mas na hora do <em>\u2018vamo v\u00ea\u2019<\/em> fazem o contr\u00e1rio\u201d, completou.<\/p>\n<h2><strong>Dicas para escolher seu candidato<\/strong><\/h2>\n<ol>\n<li>1) Obtenha o m\u00e1ximo de informa\u00e7\u00f5es sobre quem voc\u00ea pretende votar. A internet pode te ajudar nesta tarefa. Mas, em tempos de <em>fake news<\/em>, tenha muito cuidado com as fontes das informa\u00e7\u00f5es;<\/li>\n<li>2) Analise o hist\u00f3rico pessoal e profissional do candidato, ou candidata, inclusive sua postura \u00e9tica e sua rela\u00e7\u00e3o com a sociedade. Isso te ajudar\u00e1 a saber se o que \u00e9 dito durante a campanha condiz com a atua\u00e7\u00e3o em outros momentos da vida;<\/li>\n<li>3) Observe se o candidato tem hist\u00f3rico de mau uso do dinheiro p\u00fablico ou outras pr\u00e1ticas ilegais, especialmente aqueles que concorrem a cargos legislativos, uma vez que eles trabalhar\u00e3o diretamente na produ\u00e7\u00e3o e manuten\u00e7\u00e3o das leis;<\/li>\n<li>4) Se seu candidato, ou candidata, j\u00e1 ocupou algum cargo eletivo, analise seus projetos e hist\u00f3rico de vota\u00e7\u00e3o. Se ele nunca ocupou cargo eletivo, veja quais temas ele trata em sua vida profissional e qual sua atua\u00e7\u00e3o social;<\/li>\n<li>5) Tamb\u00e9m \u00e9 importante saber se seu candidato tem os mesmos valores ideol\u00f3gicos e sociais do que voc\u00ea. Afinal, ele ser\u00e1 seu representante;<\/li>\n<li>6) Al\u00e9m de analisar o candidato, \u00e9 preciso analisar o partido pelo qual ele concorre e tamb\u00e9m os que fazem parte de sua coliga\u00e7\u00e3o. Qual \u00e9 o conjunto de ideias partid\u00e1rias, que programa eles t\u00eam para a cidade, estado e pa\u00eds. Como se posicionam nas casas legislativas do pa\u00eds;<\/li>\n<li>7) Depois de analisar a hist\u00f3ria pessoal e pol\u00edtica de seu candidato e partido, veja quais as propostas ele faz na campanha. Veja se elas s\u00e3o gen\u00e9ricas, ou detalhadas; se ele foge, ou enfrenta temas pol\u00eamicos; se as propostas condizem com seu hist\u00f3rico e de seu partido; se s\u00e3o poss\u00edveis de serem realizadas; se s\u00e3o indicados os custos e as fontes de arrecada\u00e7\u00e3o dos recursos; compare as propostas com a de outros candidatos;<\/li>\n<li>8) Ainda em rela\u00e7\u00e3o \u00e0s propostas, \u00e9 preciso analisar se elas s\u00e3o atribui\u00e7\u00f5es do cargo que ele disputa <em>(veja abaixo as atribui\u00e7\u00f5es dos vereadores)<\/em>; se um candidato a vereador promete construir creches, escolas ou hospitais, por exemplo, desconfie. Estas s\u00e3o atribui\u00e7\u00f5es do prefeito, governador ou Presidente. Ou ele n\u00e3o tem conhecimento das atribui\u00e7\u00f5es do cargo que disputa, ou est\u00e1 agindo de m\u00e1 f\u00e9;<\/li>\n<li>9) Observe os gastos da campanha de seu candidato. Se a campanha \u00e9 muito cara, pode indicar uso indevido de dinheiro, ou o chamado \u201cCaixa 2\u201d; em ambos os casos \u00e9 uma irregularidade; se \u00e9 assim j\u00e1 na disputa do cargo, isso pode indicar que ele pode cometer irregularidades ainda maiores se for eleito;<\/li>\n<li>10) O candidato a vereador pode ter uma pauta espec\u00edfica, mas sua principal responsabilidade ser\u00e1 legislar sobre TODOS os assuntos da cidade e fiscalizar a atua\u00e7\u00e3o do prefeito. Por isso, deve ter amplo conhecimento da cidade e das necessidades dos mun\u00edcipes. As propostas principais n\u00e3o podem ser as espec\u00edficas, mas sim aquelas que atendam quest\u00f5es gerais do munic\u00edpio.<\/li>\n<li>Por tudo isso, podemos dizer que a candidata, ou o candidato, pode at\u00e9 n\u00e3o ser totalmente preparado para assumir, mas ele tem que, pelo menos, saber coordenar o trabalho de quem pode contribuir com sua tarefa e estar disposto a aprender cada dia mais sobre suas atribui\u00e7\u00f5es.<\/li>\n<\/ol>\n<h2><strong>O que faz (ou deveria fazer) um vereador?<\/strong><\/h2>\n<p>No site do TSE tem um texto que explica detalhadamente <a href=\"https:\/\/www.tse.jus.br\/comunicacao\/noticias\/2016\/Setembro\/vereador-conheca-o-papel-e-as-funcoes-desse-representante-politico\" target=\"_blank\" rel=\"noopener noreferrer\">quais s\u00e3o as fun\u00e7\u00f5es do vereador<\/a>\u00a0e os requisitos para disputar o cargo. Basicamente, eles s\u00e3o os respons\u00e1veis por \u201couvir\u201d as necessidades da popula\u00e7\u00e3o para propor leis e pedidos para que o prefeito, respons\u00e1vel pela administra\u00e7\u00e3o municipal, as execute. E, claro, fiscalizar a atua\u00e7\u00e3o do prefeito e da administra\u00e7\u00e3o municipal nestas execu\u00e7\u00f5es.<\/p>\n<p>E uma das tarefas de maior responsabilidade \u00e9 a aprova\u00e7\u00e3o da Lei Or\u00e7ament\u00e1ria Anual, que define em que dever\u00e3o ser aplicados os recursos provenientes dos impostos pagos pelos cidad\u00e3os. Por isso, \u00e9 muito importante saber quais as propostas priorit\u00e1rias de seu candidato.<\/p>\n<p><strong>Fonte: Contraf-CUT<\/strong><\/p>\n","protected":false},"excerpt":{"rendered":"<p>\u00a0 O parlamento \u00e9 uma das bases do trip\u00e9 (Poder Executivo, Poder Legislativo e Poder Judici\u00e1rio) que sustenta o sistema sociopol\u00edtico nas democracias modernas em todas suas esferas de organiza\u00e7\u00e3o social (federal, estadual, distrital e municipal). Mas normalmente \u00e9 relegado ao segundo plano em todas as elei\u00e7\u00f5es, tanto pelos meios de comunica\u00e7\u00e3o, quanto pelos pr\u00f3prios [&hellip;]<\/p>\n","protected":false},"author":2,"featured_media":15836,"comment_status":"","ping_status":"","sticky":false,"template":"","format":"standard","meta":{"footnotes":""},"categories":[3],"tags":[],"class_list":["post-15837","post","type-post","status-publish","format-standard","has-post-thumbnail","hentry","category-noticias"],"_links":{"self":[{"href":"https:\/\/hostnetart.com.br\/baixada\/wp-json\/wp\/v2\/posts\/15837","targetHints":{"allow":["GET"]}}],"collection":[{"href":"https:\/\/hostnetart.com.br\/baixada\/wp-json\/wp\/v2\/posts"}],"about":[{"href":"https:\/\/hostnetart.com.br\/baixada\/wp-json\/wp\/v2\/types\/post"}],"author":[{"embeddable":true,"href":"https:\/\/hostnetart.com.br\/baixada\/wp-json\/wp\/v2\/users\/2"}],"replies":[{"embeddable":true,"href":"https:\/\/hostnetart.com.br\/baixada\/wp-json\/wp\/v2\/comments?post=15837"}],"version-history":[{"count":0,"href":"https:\/\/hostnetart.com.br\/baixada\/wp-json\/wp\/v2\/posts\/15837\/revisions"}],"wp:featuredmedia":[{"embeddable":true,"href":"https:\/\/hostnetart.com.br\/baixada\/wp-json\/wp\/v2\/media\/15836"}],"wp:attachment":[{"href":"https:\/\/hostnetart.com.br\/baixada\/wp-json\/wp\/v2\/media?parent=15837"}],"wp:term":[{"taxonomy":"category","embeddable":true,"href":"https:\/\/hostnetart.com.br\/baixada\/wp-json\/wp\/v2\/categories?post=15837"},{"taxonomy":"post_tag","embeddable":true,"href":"https:\/\/hostnetart.com.br\/baixada\/wp-json\/wp\/v2\/tags?post=15837"}],"curies":[{"name":"wp","href":"https:\/\/api.w.org\/{rel}","templated":true}]}}