{"id":1583,"date":"2013-10-10T00:00:00","date_gmt":"2013-10-10T03:00:00","guid":{"rendered":"https:\/\/hostnetart.com.br\/baixada\/no-21-dia-greve-arranca-nova-negociacao-com-fenaban-nesta-quinta\/"},"modified":"2013-10-10T00:00:00","modified_gmt":"2013-10-10T03:00:00","slug":"no-21-dia-greve-arranca-nova-negociacao-com-fenaban-nesta-quinta","status":"publish","type":"post","link":"https:\/\/hostnetart.com.br\/baixada\/no-21-dia-greve-arranca-nova-negociacao-com-fenaban-nesta-quinta\/","title":{"rendered":"No 21\u00ba dia, greve arranca nova negocia\u00e7\u00e3o com Fenaban nesta quinta"},"content":{"rendered":"<p>A for\u00e7a da greve nacional dos banc\u00e1rios, que completa 21 dias nesta quarta-feira (9), arrancou uma nova negocia\u00e7\u00e3o entre o Comando Nacional, coordenado pela Contraf-CUT, e a Fenaban para ocorrer nesta quinta (10), \u00e0s 10 horas, em S\u00e3o Paulo.<\/p>\n<p>\u00a0<\/p>\n<p>Na sequ\u00eancia, ao meio-dia, haver\u00e1 negocia\u00e7\u00e3o das reivindica\u00e7\u00f5es espec\u00edficas com o Banco do Brasil e com a Caixa Econ\u00f4mica Federal. E \u00e0s 13 horas acontece nova rodada com o Banco do Nordeste do Brasil (BNB), tamb\u00e9m na capital paulista.<\/p>\n<p>\u00a0<\/p>\n<p>A nova rodada foi marcada ap\u00f3s a rejei\u00e7\u00e3o pelas assembleias dos sindicatos da proposta de reajuste salarial de 7,1% e aumento do piso em 7,5%, apresentada pelos bancos na \u00faltima sexta-feira (4), que foi considerada insuficiente pela categoria.<\/p>\n<p>\u00a0<\/p>\n<p>A Contraf-CUT enviou ontem um of\u00edcio do Comando Nacional \u00e0 Fenaban, comunicando a decis\u00e3o das assembleias e reiterando que \u201cpermanece \u00e0 disposi\u00e7\u00e3o para continuar as negocia\u00e7\u00f5es para a apresenta\u00e7\u00e3o de uma proposta satisfat\u00f3ria dos bancos, que atenda de fato \u00e0s reivindica\u00e7\u00f5es econ\u00f4micas e sociais da categoria\u201d.<\/p>\n<p>\u00a0<\/p>\n<p>\u201cA continuidade das negocia\u00e7\u00f5es \u00e9 fruto da intensa mobiliza\u00e7\u00e3o dos banc\u00e1rios, que est\u00e3o vencendo o cansa\u00e7o, mostrando uma extraordin\u00e1ria disposi\u00e7\u00e3o de enfrentamento, combatendo as pr\u00e1ticas antissindicais dos bancos e fazendo a maior greve da categoria dos \u00faltimos 20 anos\u201d, afirma Carlos Cordeiro, presidente da Contraf-CUT e coordenador do Comando Nacional.<\/p>\n<p>\u00a0<\/p>\n<p>\u201cA expectativa dos banc\u00e1rios \u00e9 que os bancos apresentem uma nova proposta que atenda as reivindica\u00e7\u00f5es de aumento real, valoriza\u00e7\u00e3o do piso, PLR melhor, prote\u00e7\u00e3o ao emprego, melhores condi\u00e7\u00f5es de trabalho, mais seguran\u00e7a e igualdade de oportunidades\u201d, destaca. \u201cCom os lucros de R$ 59,7 bilh\u00f5es entre os meses de junho de 2012 e 2013, sobram recursos para compensar o trabalho e a dignidade dos banc\u00e1rios\u201d, sustenta Carlos Cordeiro<\/p>\n<p>\u00a0<\/p>\n<p>Durante todo o processo de negocia\u00e7\u00f5es da Campanha 2013, iniciado no m\u00eas de agosto, os bancos apresentaram somente duas propostas. A primeira, feita no dia 5 de setembro, foi o reajuste de 6,1% que s\u00f3 rep\u00f5e a infla\u00e7\u00e3o pelo INPC no per\u00edodo e ignorou as demais reivindica\u00e7\u00f5es da categoria, tendo sido rejeitada em todo pa\u00eds e motivando a deflagra\u00e7\u00e3o da greve a partir do dia 19 de setembro. A segunda proposta foi a da \u00faltima sexta-feira.<\/p>\n<p>\u00a0<\/p>\n<p>Ontem, no 20\u00ba dia de greve, os banc\u00e1rios paralisaram 11.748 ag\u00eancias, centros administrativos e call centers em todos os 26 estados e no Distrito Federal, um crescimento de 91,1% em rela\u00e7\u00e3o ao primeiro dia da paralisa\u00e7\u00e3o, quando 6.145 depend\u00eancias foram fechadas. \u201cN\u00e3o \u00e9 \u00e0 toa que a for\u00e7a do movimento afetou as vendas do com\u00e9rcio e a concess\u00e3o de financiamentos, o que comprova a import\u00e2ncia do trabalho da categoria para o atendimento da popula\u00e7\u00e3o e a gera\u00e7\u00e3o dos resultados dos bancos\u201d, destaca Carlos Cordeiro.<\/p>\n<p>\u00a0<\/p>\n<p>O Comando Nacional representa 143 sindicatos e 10 federa\u00e7\u00f5es de todo pa\u00eds, totalizando mais de 95% dos banc\u00e1rios de todo Brasil. Al\u00e9m das entidades integrantes, participam como convidados os coordenadores das comiss\u00f5es de empresas dos trabalhadores dos bancos p\u00fablicos federais.<\/p>\n<p>\u00a0<\/p>\n<p>\u00a0<\/p>\n<p><strong>As principais reivindica\u00e7\u00f5es dos banc\u00e1rios<\/strong><\/p>\n<p>\u00a0<\/p>\n<p>&gt; Reajuste salarial de 11,93% (5% de aumento real al\u00e9m da infla\u00e7\u00e3o)<\/p>\n<p>&gt; PLR: tr\u00eas sal\u00e1rios mais R$ 5.553,15.<\/p>\n<p>&gt; Piso: R$ 2.860,21 (sal\u00e1rio m\u00ednimo do Dieese).<\/p>\n<p>&gt; Aux\u00edlios alimenta\u00e7\u00e3o, refei\u00e7\u00e3o, 13\u00aa cesta e aux\u00edlio-creche\/bab\u00e1: R$ 678 ao m\u00eas para cada (sal\u00e1rio m\u00ednimo nacional).<\/p>\n<p>&gt; Melhores condi\u00e7\u00f5es de trabalho, com o fim das metas abusivas e do ass\u00e9dio moral que adoece os banc\u00e1rios.<\/p>\n<p>&gt; Emprego: fim das demiss\u00f5es, mais contrata\u00e7\u00f5es, aumento da inclus\u00e3o banc\u00e1ria, combate \u00e0s terceiriza\u00e7\u00f5es, especialmente ao PL 4330 que precariza as condi\u00e7\u00f5es de trabalho, al\u00e9m da aplica\u00e7\u00e3o da Conven\u00e7\u00e3o 158 da OIT, que pro\u00edbe as dispensas imotivadas.<\/p>\n<p>&gt; Plano de Cargos, Carreiras e Sal\u00e1rios (PCCS) para todos os banc\u00e1rios.<\/p>\n<p>&gt; Aux\u00edlio-educa\u00e7\u00e3o: pagamento para gradua\u00e7\u00e3o e p\u00f3s-gradua\u00e7\u00e3o.<\/p>\n<p>&gt; Preven\u00e7\u00e3o contra assaltos e sequestros, com o fim da guarda das chaves de cofres e ag\u00eancias por banc\u00e1rios.<\/p>\n<p>&gt; Igualdade de oportunidades para banc\u00e1rios e banc\u00e1rias, com a contrata\u00e7\u00e3o de pelo menos 20% de negros e negras.<\/p>\n<p>\u00a0<br \/>Fonte: Contraf-CUT<\/p>\n","protected":false},"excerpt":{"rendered":"<p>A for\u00e7a da greve nacional dos banc\u00e1rios, que completa 21 dias nesta quarta-feira (9), arrancou uma nova negocia\u00e7\u00e3o entre o Comando Nacional, coordenado pela Contraf-CUT, e a Fenaban para ocorrer nesta quinta (10), \u00e0s 10 horas, em S\u00e3o Paulo. \u00a0 Na sequ\u00eancia, ao meio-dia, haver\u00e1 negocia\u00e7\u00e3o das reivindica\u00e7\u00f5es espec\u00edficas com o Banco do Brasil e [&hellip;]<\/p>\n","protected":false},"author":1,"featured_media":0,"comment_status":"","ping_status":"","sticky":false,"template":"","format":"standard","meta":{"footnotes":""},"categories":[3],"tags":[],"class_list":["post-1583","post","type-post","status-publish","format-standard","hentry","category-noticias"],"_links":{"self":[{"href":"https:\/\/hostnetart.com.br\/baixada\/wp-json\/wp\/v2\/posts\/1583","targetHints":{"allow":["GET"]}}],"collection":[{"href":"https:\/\/hostnetart.com.br\/baixada\/wp-json\/wp\/v2\/posts"}],"about":[{"href":"https:\/\/hostnetart.com.br\/baixada\/wp-json\/wp\/v2\/types\/post"}],"author":[{"embeddable":true,"href":"https:\/\/hostnetart.com.br\/baixada\/wp-json\/wp\/v2\/users\/1"}],"replies":[{"embeddable":true,"href":"https:\/\/hostnetart.com.br\/baixada\/wp-json\/wp\/v2\/comments?post=1583"}],"version-history":[{"count":0,"href":"https:\/\/hostnetart.com.br\/baixada\/wp-json\/wp\/v2\/posts\/1583\/revisions"}],"wp:attachment":[{"href":"https:\/\/hostnetart.com.br\/baixada\/wp-json\/wp\/v2\/media?parent=1583"}],"wp:term":[{"taxonomy":"category","embeddable":true,"href":"https:\/\/hostnetart.com.br\/baixada\/wp-json\/wp\/v2\/categories?post=1583"},{"taxonomy":"post_tag","embeddable":true,"href":"https:\/\/hostnetart.com.br\/baixada\/wp-json\/wp\/v2\/tags?post=1583"}],"curies":[{"name":"wp","href":"https:\/\/api.w.org\/{rel}","templated":true}]}}