{"id":15829,"date":"2024-09-30T14:44:58","date_gmt":"2024-09-30T17:44:58","guid":{"rendered":"https:\/\/hostnetart.com.br\/baixada\/fenacrefi-apresenta-proposta-para-renovacao-da-cct-dos-financiarios\/"},"modified":"2024-09-30T14:44:58","modified_gmt":"2024-09-30T17:44:58","slug":"fenacrefi-apresenta-proposta-para-renovacao-da-cct-dos-financiarios","status":"publish","type":"post","link":"https:\/\/hostnetart.com.br\/baixada\/fenacrefi-apresenta-proposta-para-renovacao-da-cct-dos-financiarios\/","title":{"rendered":"Fenacrefi apresenta proposta para renova\u00e7\u00e3o da CCT dos Financi\u00e1rios"},"content":{"rendered":"<\/p>\n<p>A 12\u00aa reuni\u00e3o de negocia\u00e7\u00e3o entre o Coletivo Nacional dos Financi\u00e1rios e a Federa\u00e7\u00e3o Interestadual das Institui\u00e7\u00f5es de Cr\u00e9dito, Financiamento e Investimento (Fenacrefi), realizada de forma online na manh\u00e3 desta sexta-feira (27\/9), trouxe avan\u00e7os significativos para a Campanha Nacional 2024.<\/p>\n<p>A Fenacrefi apresentou uma proposta de renova\u00e7\u00e3o da Conven\u00e7\u00e3o Coletiva de Trabalho (CCT), com perspectiva de assinatura no dia 11 de outubro de 2024.<\/p>\n<p>O Diretor de Bancos Privados da Federa\u00e7\u00e3o dos Trabalhadores do Ramo Financeiro dos Estados do Rio de Janeiro e Esp\u00edrito Santo (<strong>Fetraf RJ\/ES<\/strong>),\u00a0<strong>Max Bezerra<\/strong>, participou da reuni\u00e3o, representando a entidade.<\/p>\n<h1><strong>A proposta inclui o seguinte:<\/strong><\/h1>\n<p><strong>2024<\/strong>:<\/p>\n<ul>\n<li>Reajuste salarial de 4% para sal\u00e1rios, verbas e benef\u00edcios.<\/li>\n<li>Pagamentos retroativos das diferen\u00e7as salariais de junho a outubro at\u00e9 a folha de pagamento de novembro de 2024.<\/li>\n<li>Pagamentos retroativos das diferen\u00e7as dos benef\u00edcios a serem pagas at\u00e9 30 de outubro de 2024.<\/li>\n<li>Antecipa\u00e7\u00e3o da Participa\u00e7\u00e3o nos Lucros e Resultados (PLR) com pagamento at\u00e9 8 de novembro de 2024.<\/li>\n<\/ul>\n<p><strong>2025<\/strong>:<\/p>\n<ul>\n<li>Reajuste salarial baseado no \u00cdndice Nacional de Pre\u00e7os ao Consumidor (INPC) referente ao per\u00edodo de junho de 2024 a maio de 2025 mais 0,3% de aumento real, a ser pago em junho de 2025.<\/li>\n<li>Mudan\u00e7a da data-base para outubro de 2025, com aplica\u00e7\u00e3o do INPC referente ao per\u00edodo de junho a setembro de 2025, acrescido de 0,3% de aumento real a ser pago em outubro de 2025.<\/li>\n<li>Negocia\u00e7\u00f5es para uma nova CCT em outubro de 2026.<\/li>\n<\/ul>\n<p><strong>PLR<\/strong>:<\/p>\n<p>Para 2024, a regra de pagamento da PLR permanece inalterada, mas ser\u00e1 criada uma comiss\u00e3o parit\u00e1ria em at\u00e9 60 dias ap\u00f3s a assinatura do acordo, com conclus\u00e3o at\u00e9 abril de 2025. A comiss\u00e3o ter\u00e1 o objetivo de apresentar propostas para eventuais mudan\u00e7as na PLR a partir de 2025.<\/p>\n<p><strong>Outras cl\u00e1usulas importantes<\/strong>:<\/p>\n<ul>\n<li>Conv\u00eanio m\u00e9dico: N\u00e3o haver\u00e1 altera\u00e7\u00e3o na cl\u00e1usula 21, no entanto, as empresas que desejarem implementar a coparticipa\u00e7\u00e3o dever\u00e3o negociar diretamente com os sindicatos, estabelecendo regras espec\u00edficas.<\/li>\n<li>Viol\u00eancia contra a mulher: Ficou acordado que ser\u00e1 constru\u00edda uma cl\u00e1usula sobre o tema.<\/li>\n<li>Combate ao ass\u00e9dio sexual e moral: Ser\u00e1 feita uma reda\u00e7\u00e3o conjunta de modo que contemple a realidade do financi\u00e1rio.<\/li>\n<li>Grupo de trabalho parit\u00e1rio: Um grupo ser\u00e1 criado para realizar uma pesquisa in\u00e9dita no setor financeiro, para construir o rosto dos financi\u00e1rios e outros aspectos relevantes \u00e0 categoria.<\/li>\n<\/ul>\n<p>\u201cEssa proposta de renova\u00e7\u00e3o da CCT representa um avan\u00e7o importante nas negocia\u00e7\u00f5es da Campanha Nacional 2024, com a expectativa de trazer melhorias salariais e de condi\u00e7\u00f5es de trabalho para os financi\u00e1rios de todo o Brasil. Por isso, indicamos a aprova\u00e7\u00e3o da proposta\u201d, pontuou a secret\u00e1ria de Organiza\u00e7\u00e3o do Ramo Financeiro e Pol\u00edtica Sindical da Contraf-CUT, Magaly Fagundes.<\/p>\n<p>\u201cSempre estivemos comprometidos em construir um acordo que traga benef\u00edcios concretos em quest\u00f5es fundamentais para a categoria, como a Participa\u00e7\u00e3o nos Lucros e Resultados (PLR) e a manuten\u00e7\u00e3o dos benef\u00edcios j\u00e1 conquistados, sempre com foco na defesa dos direitos dos financi\u00e1rios. Sa\u00edmos dessa reuni\u00e3o com a sensa\u00e7\u00e3o de dever cumprido\u201d, afirmou o coordenador do Coletivo Nacional dos Financi\u00e1rios, Jair Alves.<\/p>\n<p>Os sindicatos devem realizar as assembleias de avalia\u00e7\u00e3o da proposta na pr\u00f3xima semana. Caso seja aprovada, a nova CCT ser\u00e1 assinada no dia 11 de outubro.<\/p>\n<p>*<strong><em>com informa\u00e7\u00f5es da Fetraf RJ\/ES e Contraf-CUT<\/em><\/strong><\/p>\n","protected":false},"excerpt":{"rendered":"<p>A 12\u00aa reuni\u00e3o de negocia\u00e7\u00e3o entre o Coletivo Nacional dos Financi\u00e1rios e a Federa\u00e7\u00e3o Interestadual das Institui\u00e7\u00f5es de Cr\u00e9dito, Financiamento e Investimento (Fenacrefi), realizada de forma online na manh\u00e3 desta sexta-feira (27\/9), trouxe avan\u00e7os significativos para a Campanha Nacional 2024. A Fenacrefi apresentou uma proposta de renova\u00e7\u00e3o da Conven\u00e7\u00e3o Coletiva de Trabalho (CCT), com perspectiva [&hellip;]<\/p>\n","protected":false},"author":2,"featured_media":15828,"comment_status":"","ping_status":"","sticky":false,"template":"","format":"standard","meta":{"footnotes":""},"categories":[3],"tags":[],"class_list":["post-15829","post","type-post","status-publish","format-standard","has-post-thumbnail","hentry","category-noticias"],"_links":{"self":[{"href":"https:\/\/hostnetart.com.br\/baixada\/wp-json\/wp\/v2\/posts\/15829","targetHints":{"allow":["GET"]}}],"collection":[{"href":"https:\/\/hostnetart.com.br\/baixada\/wp-json\/wp\/v2\/posts"}],"about":[{"href":"https:\/\/hostnetart.com.br\/baixada\/wp-json\/wp\/v2\/types\/post"}],"author":[{"embeddable":true,"href":"https:\/\/hostnetart.com.br\/baixada\/wp-json\/wp\/v2\/users\/2"}],"replies":[{"embeddable":true,"href":"https:\/\/hostnetart.com.br\/baixada\/wp-json\/wp\/v2\/comments?post=15829"}],"version-history":[{"count":0,"href":"https:\/\/hostnetart.com.br\/baixada\/wp-json\/wp\/v2\/posts\/15829\/revisions"}],"wp:featuredmedia":[{"embeddable":true,"href":"https:\/\/hostnetart.com.br\/baixada\/wp-json\/wp\/v2\/media\/15828"}],"wp:attachment":[{"href":"https:\/\/hostnetart.com.br\/baixada\/wp-json\/wp\/v2\/media?parent=15829"}],"wp:term":[{"taxonomy":"category","embeddable":true,"href":"https:\/\/hostnetart.com.br\/baixada\/wp-json\/wp\/v2\/categories?post=15829"},{"taxonomy":"post_tag","embeddable":true,"href":"https:\/\/hostnetart.com.br\/baixada\/wp-json\/wp\/v2\/tags?post=15829"}],"curies":[{"name":"wp","href":"https:\/\/api.w.org\/{rel}","templated":true}]}}