{"id":15827,"date":"2024-09-30T14:43:57","date_gmt":"2024-09-30T17:43:57","guid":{"rendered":"https:\/\/hostnetart.com.br\/baixada\/bndes-ajt-e-aprovado-com-93-dos-votos\/"},"modified":"2024-09-30T14:43:57","modified_gmt":"2024-09-30T17:43:57","slug":"bndes-ajt-e-aprovado-com-93-dos-votos","status":"publish","type":"post","link":"https:\/\/hostnetart.com.br\/baixada\/bndes-ajt-e-aprovado-com-93-dos-votos\/","title":{"rendered":"BNDES: AJT \u00e9 aprovado com 93% dos votos"},"content":{"rendered":"<\/p>\n<p>O Acordo Coletivo de Trabalho espec\u00edfico de Jornada de Trabalho (AJT) obteve aprova\u00e7\u00e3o de 93% nas assembleias dos funcion\u00e1rios do sistema BNDES realizadas pelos sindicatos dos banc\u00e1rios de Bras\u00edlia, Pernambuco, Rio de Janeiro e S\u00e3o Paulo, que representam as bases onde existem unidades do banco, da BNDESPAR e da Finame.<\/p>\n<p>\u201cO alto \u00edndice de aprova\u00e7\u00e3o reflete o bom resultado das negocia\u00e7\u00f5es com o banco. Mantivemos todos os direitos dos funcion\u00e1rios e conseguimos que a regulamenta\u00e7\u00e3o do trabalho remoto, que antes era feita por norma interna, fosse inclu\u00edda no acordo, trazendo mais seguran\u00e7a ao trabalhador, pois a empresa n\u00e3o poder\u00e1 mudar as normas sem antes negociar com as entidades de representa\u00e7\u00e3o do funcionalismo do BNDES\u201d, avaliou o vice-presidente da Contraf-CUT, Vin\u00edcius Assump\u00e7\u00e3o, que representa a entidade na mesa de negocia\u00e7\u00f5es com o banco. \u201cTamb\u00e9m conseguimos aumentar de seis meses para um ano a redu\u00e7\u00e3o de uma hora na jornada para mulheres lactantes\u201d, completou.<\/p>\n<h2><strong>Outras negocia\u00e7\u00f5es<\/strong><\/h2>\n<p>Al\u00e9m do Acordo da Jornada de Trabalho (AJT), ainda est\u00e3o em negocia\u00e7\u00e3o o ACT Geral e o espec\u00edfico sobre a PLR. \u201cNo ACT Geral, o banco j\u00e1 disse que vai seguir o que foi negociado com a Fenaban. Restam apenas alguns pontos espec\u00edficos a serem discutidos. O ACT da PLR tamb\u00e9m j\u00e1 foi negociado e ser\u00e1 debatido com o funcionalismo do BNDES na semana que vem\u201d, informou o vice-presidente da Contraf-CUT.<\/p>\n<h2><strong>Sistema BNDES<\/strong><\/h2>\n<p>Al\u00e9m do Banco Nacional de Desenvolvimento Econ\u00f4mico e Social, as subsidi\u00e1rias de fomento de investimentos imobili\u00e1rio (BNDESPAR) e de financiamento \u00e0 produ\u00e7\u00e3o e comercializa\u00e7\u00e3o de m\u00e1quinas e equipamentos (Finame) fazem parte do Sistema BNDES.<\/p>\n<p><strong>Fonte: Contraf-CUT<\/strong><\/p>\n","protected":false},"excerpt":{"rendered":"<p>O Acordo Coletivo de Trabalho espec\u00edfico de Jornada de Trabalho (AJT) obteve aprova\u00e7\u00e3o de 93% nas assembleias dos funcion\u00e1rios do sistema BNDES realizadas pelos sindicatos dos banc\u00e1rios de Bras\u00edlia, Pernambuco, Rio de Janeiro e S\u00e3o Paulo, que representam as bases onde existem unidades do banco, da BNDESPAR e da Finame. \u201cO alto \u00edndice de aprova\u00e7\u00e3o [&hellip;]<\/p>\n","protected":false},"author":2,"featured_media":15826,"comment_status":"","ping_status":"","sticky":false,"template":"","format":"standard","meta":{"footnotes":""},"categories":[3],"tags":[],"class_list":["post-15827","post","type-post","status-publish","format-standard","has-post-thumbnail","hentry","category-noticias"],"_links":{"self":[{"href":"https:\/\/hostnetart.com.br\/baixada\/wp-json\/wp\/v2\/posts\/15827","targetHints":{"allow":["GET"]}}],"collection":[{"href":"https:\/\/hostnetart.com.br\/baixada\/wp-json\/wp\/v2\/posts"}],"about":[{"href":"https:\/\/hostnetart.com.br\/baixada\/wp-json\/wp\/v2\/types\/post"}],"author":[{"embeddable":true,"href":"https:\/\/hostnetart.com.br\/baixada\/wp-json\/wp\/v2\/users\/2"}],"replies":[{"embeddable":true,"href":"https:\/\/hostnetart.com.br\/baixada\/wp-json\/wp\/v2\/comments?post=15827"}],"version-history":[{"count":0,"href":"https:\/\/hostnetart.com.br\/baixada\/wp-json\/wp\/v2\/posts\/15827\/revisions"}],"wp:featuredmedia":[{"embeddable":true,"href":"https:\/\/hostnetart.com.br\/baixada\/wp-json\/wp\/v2\/media\/15826"}],"wp:attachment":[{"href":"https:\/\/hostnetart.com.br\/baixada\/wp-json\/wp\/v2\/media?parent=15827"}],"wp:term":[{"taxonomy":"category","embeddable":true,"href":"https:\/\/hostnetart.com.br\/baixada\/wp-json\/wp\/v2\/categories?post=15827"},{"taxonomy":"post_tag","embeddable":true,"href":"https:\/\/hostnetart.com.br\/baixada\/wp-json\/wp\/v2\/tags?post=15827"}],"curies":[{"name":"wp","href":"https:\/\/api.w.org\/{rel}","templated":true}]}}