{"id":15825,"date":"2024-09-27T14:01:12","date_gmt":"2024-09-27T17:01:12","guid":{"rendered":"https:\/\/hostnetart.com.br\/baixada\/fenacrefi-convoca-reuniao-para-esta-sexta-feira\/"},"modified":"2024-09-27T14:01:12","modified_gmt":"2024-09-27T17:01:12","slug":"fenacrefi-convoca-reuniao-para-esta-sexta-feira","status":"publish","type":"post","link":"https:\/\/hostnetart.com.br\/baixada\/fenacrefi-convoca-reuniao-para-esta-sexta-feira\/","title":{"rendered":"Fenacrefi convoca reuni\u00e3o para esta sexta-feira"},"content":{"rendered":"<\/p>\n<p>Ap\u00f3s press\u00e3o da Contraf-CUT e do Coletivo Nacional dos Financi\u00e1rios, a Fenacrefi convocou uma reuni\u00e3o para esta sexta-feira (27), em formato online, devido \u00e0 urg\u00eancia do tema. O encontro ser\u00e1 fundamental para dar continuidade \u00e0s negocia\u00e7\u00f5es da Campanha Nacional 2024.<\/p>\n<p>O Coletivo Nacional dos Financi\u00e1rios espera que a bancada patronal apresente uma proposta que atende \u00e0s reivindica\u00e7\u00f5es dos trabalhadores.<\/p>\n<p><strong>Fonte: Contraf-CUT<\/strong><\/p>\n","protected":false},"excerpt":{"rendered":"<p>Ap\u00f3s press\u00e3o da Contraf-CUT e do Coletivo Nacional dos Financi\u00e1rios, a Fenacrefi convocou uma reuni\u00e3o para esta sexta-feira (27), em formato online, devido \u00e0 urg\u00eancia do tema. O encontro ser\u00e1 fundamental para dar continuidade \u00e0s negocia\u00e7\u00f5es da Campanha Nacional 2024. O Coletivo Nacional dos Financi\u00e1rios espera que a bancada patronal apresente uma proposta que atende [&hellip;]<\/p>\n","protected":false},"author":2,"featured_media":15824,"comment_status":"","ping_status":"","sticky":false,"template":"","format":"standard","meta":{"footnotes":""},"categories":[3],"tags":[],"class_list":["post-15825","post","type-post","status-publish","format-standard","has-post-thumbnail","hentry","category-noticias"],"_links":{"self":[{"href":"https:\/\/hostnetart.com.br\/baixada\/wp-json\/wp\/v2\/posts\/15825","targetHints":{"allow":["GET"]}}],"collection":[{"href":"https:\/\/hostnetart.com.br\/baixada\/wp-json\/wp\/v2\/posts"}],"about":[{"href":"https:\/\/hostnetart.com.br\/baixada\/wp-json\/wp\/v2\/types\/post"}],"author":[{"embeddable":true,"href":"https:\/\/hostnetart.com.br\/baixada\/wp-json\/wp\/v2\/users\/2"}],"replies":[{"embeddable":true,"href":"https:\/\/hostnetart.com.br\/baixada\/wp-json\/wp\/v2\/comments?post=15825"}],"version-history":[{"count":0,"href":"https:\/\/hostnetart.com.br\/baixada\/wp-json\/wp\/v2\/posts\/15825\/revisions"}],"wp:featuredmedia":[{"embeddable":true,"href":"https:\/\/hostnetart.com.br\/baixada\/wp-json\/wp\/v2\/media\/15824"}],"wp:attachment":[{"href":"https:\/\/hostnetart.com.br\/baixada\/wp-json\/wp\/v2\/media?parent=15825"}],"wp:term":[{"taxonomy":"category","embeddable":true,"href":"https:\/\/hostnetart.com.br\/baixada\/wp-json\/wp\/v2\/categories?post=15825"},{"taxonomy":"post_tag","embeddable":true,"href":"https:\/\/hostnetart.com.br\/baixada\/wp-json\/wp\/v2\/tags?post=15825"}],"curies":[{"name":"wp","href":"https:\/\/api.w.org\/{rel}","templated":true}]}}