{"id":15823,"date":"2024-09-27T14:00:14","date_gmt":"2024-09-27T17:00:14","guid":{"rendered":"https:\/\/hostnetart.com.br\/baixada\/eleicao-e-coisa-seria\/"},"modified":"2024-09-27T14:00:14","modified_gmt":"2024-09-27T17:00:14","slug":"eleicao-e-coisa-seria","status":"publish","type":"post","link":"https:\/\/hostnetart.com.br\/baixada\/eleicao-e-coisa-seria\/","title":{"rendered":"Elei\u00e7\u00e3o \u00e9 coisa s\u00e9ria!"},"content":{"rendered":"<\/p>\n<p>Voc\u00ea j\u00e1 deve ter ouvido algu\u00e9m dizer que \u201celei\u00e7\u00e3o \u00e9 coisa s\u00e9ria\u201d. E \u00e9 mesmo! No momento do voto e em toda vida social de cada pessoa. Mas, infelizmente, a grande maioria n\u00e3o entende desta forma. N\u00e3o se envolve e nem se preocupa em conhecer a quem delega poderes atrav\u00e9s do voto. \u201cEsta pode ser uma grande armadilha! Daqui a pouco mais de uma semana, as pessoas podem delegar poderes a quem tem interesses inversos aos coletivos e afetar a vida de toda a sociedade. Precisamos trabalhar para evitar que isso aconte\u00e7a\u201d, disse o secret\u00e1rio de Rela\u00e7\u00f5es do Trabalho da Confedera\u00e7\u00e3o Nacional dos Trabalhadores do Ramo Financeiro (Contraf-CUT), Jeferson Meira, o Jef\u00e3o.<\/p>\n<p>Para Jef\u00e3o, isso \u00e9 consequ\u00eancia da \u201ccultura antipol\u00edtica\u201d que as elites financeiras e dominantes incutem no inconsciente coletivo da sociedade. \u201cQuerem que a popula\u00e7\u00e3o seja alienada do processo eleitoral, para poder obter vantagens com a elei\u00e7\u00e3o de candidatos financiados por eles para defender a manuten\u00e7\u00e3o da atual situa\u00e7\u00e3o de desigualdade social que reina no pa\u00eds. Desta forma, podem continuar oprimindo as trabalhadoras e os trabalhadores\u201d, disse.<\/p>\n<p>A \u201ccultura antipol\u00edtica\u201d nos faz acreditar que tudo o que se refere \u00e0 pol\u00edtica \u00e9 ruim e que devemos nos afastar. Por isso, muita gente se isola e vive presa em uma bolha, que, ao contr\u00e1rio do que se pode pensar, n\u00e3o existe apenas nas redes sociais.<\/p>\n<p>Para Elias Jord\u00e3o, secret\u00e1rio de Comunica\u00e7\u00e3o da Contraf-CUT, \u201cs\u00f3 a pol\u00edtica \u00e9 capaz de mudar pra melhor a vida das pessoas\u201d. Por isso, n\u00e3o adianta deixar de votar, ou votar nulo. \u201cNosso voto tem peso e nossas decis\u00f5es t\u00eam consequ\u00eancias. At\u00e9 mesmo com a recusa de votar, de alguma forma, pode-se estar atendendo aos interesses dos poderosos, que contam com esta absten\u00e7\u00e3o para que seus candidatos obtenham mais votos do que os obtidos por quem representaria os interesses da pessoa que se absteve\u201d, completou Elias, ao lembrar que quem difunde a \u201ccultura antipol\u00edtica\u201d age com hipocrisia, pois \u00e9 quem mais se envolve e se beneficia da pol\u00edtica. \u201cPor isso, \u00e9 importante, antes do voto, analisarmos com muita aten\u00e7\u00e3o os candidatos e escolhermos com responsabilidade quem merece nossa confian\u00e7a\u201d, ressaltou.<\/p>\n<h2><strong>Democracia participativa<\/strong><\/h2>\n<p>Para os dirigentes da Contraf-CUT, se as pessoas come\u00e7arem a entender os seus direitos, tamb\u00e9m compreender\u00e3o o poder que t\u00eam, se envolver\u00e3o nas decis\u00f5es sobre a sociedade e eleger\u00e3o pessoas comprometidas, que representam, verdadeiramente, os interesses da maioria. \u201cCom isso, podem mudar a situa\u00e7\u00e3o de opress\u00e3o a que s\u00e3o submetidas e melhorar suas pr\u00f3prias vidas. Caso contr\u00e1rio, os mesmos de sempre continuar\u00e3o sendo eleitos e n\u00e3o haver\u00e1 a mudan\u00e7a social que todos queremos\u201d, disse Elias.<\/p>\n<p>\u201cTodos temos que fazer nossa parte. Isso come\u00e7a com a escolha de pessoas que nos representem de verdade, mas n\u00e3o pode parar no ato do voto. Temos que acompanhar a atua\u00e7\u00e3o dos candidatos eleitos para ver se est\u00e3o cumprindo sua obriga\u00e7\u00e3o e cobr\u00e1-los caso n\u00e3o estejam\u201d, orientou Elias.<\/p>\n<p>Outra forma de \u201cfazermos a nossa parte\u201d, \u00e9 participar dos debates sobre as pol\u00edticas de transporte p\u00fablico, sa\u00fade, seguran\u00e7a, saneamento b\u00e1sico, educa\u00e7\u00e3o, meio ambiente que s\u00e3o realizadas em seu bairro e na sua cidade, assim como das elei\u00e7\u00f5es para os conselhos municipais de pol\u00edticas p\u00fablicas, como os Conselhos de Pol\u00edtica para Mulheres, os Conselhos de Sa\u00fade, os Conselhos Tutelares. \u201cCom a baixa participa\u00e7\u00e3o da sociedade, a maioria das conselheiras e conselheiros s\u00e3o apoiados por grupos conservadores que elegem, na maioria das vezes, pessoas sem a necess\u00e1ria qualifica\u00e7\u00e3o ou atua\u00e7\u00e3o social na \u00e1rea espec\u00edfica\u201d, lamenta Jef\u00e3o.<\/p>\n<h2><strong>Consequ\u00eancias dr\u00e1sticas<\/strong><\/h2>\n<p>Com a falta de participa\u00e7\u00e3o social, as pessoas ficam alheias ao que est\u00e1 acontecendo em suas cidades e em seus bairros e s\u00e3o levadas a acreditar em not\u00edcias falsas, as chamadas fake news. \u201cTodo o sistema democr\u00e1tico do pa\u00eds fica prejudicado, com s\u00e9rios reflexos ao sistema eleitoral\u201d, observou Jef\u00e3o. \u201cO resultado disso tudo pode ser comprovado nas elei\u00e7\u00f5es. Em 2018, tivemos um presidente da Rep\u00fablica eleito pelo voto popular com uma pauta contr\u00e1ria a todas as necessidades das pr\u00f3prias pessoas que o elegeram. E, t\u00e3o grave quanto a elei\u00e7\u00e3o de um presidente, ou um prefeito que trabalha pela conserva\u00e7\u00e3o do atual status social e da manuten\u00e7\u00e3o de privil\u00e9gios para as elites dominantes, \u00e9 a constante elei\u00e7\u00e3o de uma maioria de vereadores e vereadoras sem qualquer compromisso com a popula\u00e7\u00e3o. Se dizem representantes do povo, mas na verdade s\u00e3o representantes deles mesmos ou delas mesmas, e votam de acordo com os pr\u00f3prios interesses\u201d, completou.<\/p>\n<p>Para os dirigentes da Contraf-CUT, somente \u00e9 poss\u00edvel acabar com este c\u00edrculo vicioso com a participa\u00e7\u00e3o da classe trabalhadora e da popula\u00e7\u00e3o marginalizada em todas as atividades sociais e espa\u00e7os de decis\u00e3o. \u201cTemos que nos fazer verdadeiramente presentes nos espa\u00e7os da democracia participativa. \u00c9 esta participa\u00e7\u00e3o que nos dar\u00e1 base de sustenta\u00e7\u00e3o para eleger verdadeiras e verdadeiros representantes do povo, tanto nas elei\u00e7\u00f5es para os conselhos e c\u00e2maras municipais, distrital e federal, quanto para as prefeituras, assembleias legislativas, governos estaduais, Senado e Presid\u00eancia da Rep\u00fablica\u201d.<\/p>\n<p>Queremos caminhar rumo \u00e0 sociedade justa, fraterna e igualit\u00e1ria que tanto sonhamos. Vamos juntos?<\/p>\n<p><strong>Fonte: Contraf-CUT<\/strong><\/p>\n","protected":false},"excerpt":{"rendered":"<p>Voc\u00ea j\u00e1 deve ter ouvido algu\u00e9m dizer que \u201celei\u00e7\u00e3o \u00e9 coisa s\u00e9ria\u201d. E \u00e9 mesmo! No momento do voto e em toda vida social de cada pessoa. Mas, infelizmente, a grande maioria n\u00e3o entende desta forma. N\u00e3o se envolve e nem se preocupa em conhecer a quem delega poderes atrav\u00e9s do voto. \u201cEsta pode ser [&hellip;]<\/p>\n","protected":false},"author":2,"featured_media":15822,"comment_status":"","ping_status":"","sticky":false,"template":"","format":"standard","meta":{"footnotes":""},"categories":[3],"tags":[],"class_list":["post-15823","post","type-post","status-publish","format-standard","has-post-thumbnail","hentry","category-noticias"],"_links":{"self":[{"href":"https:\/\/hostnetart.com.br\/baixada\/wp-json\/wp\/v2\/posts\/15823","targetHints":{"allow":["GET"]}}],"collection":[{"href":"https:\/\/hostnetart.com.br\/baixada\/wp-json\/wp\/v2\/posts"}],"about":[{"href":"https:\/\/hostnetart.com.br\/baixada\/wp-json\/wp\/v2\/types\/post"}],"author":[{"embeddable":true,"href":"https:\/\/hostnetart.com.br\/baixada\/wp-json\/wp\/v2\/users\/2"}],"replies":[{"embeddable":true,"href":"https:\/\/hostnetart.com.br\/baixada\/wp-json\/wp\/v2\/comments?post=15823"}],"version-history":[{"count":0,"href":"https:\/\/hostnetart.com.br\/baixada\/wp-json\/wp\/v2\/posts\/15823\/revisions"}],"wp:featuredmedia":[{"embeddable":true,"href":"https:\/\/hostnetart.com.br\/baixada\/wp-json\/wp\/v2\/media\/15822"}],"wp:attachment":[{"href":"https:\/\/hostnetart.com.br\/baixada\/wp-json\/wp\/v2\/media?parent=15823"}],"wp:term":[{"taxonomy":"category","embeddable":true,"href":"https:\/\/hostnetart.com.br\/baixada\/wp-json\/wp\/v2\/categories?post=15823"},{"taxonomy":"post_tag","embeddable":true,"href":"https:\/\/hostnetart.com.br\/baixada\/wp-json\/wp\/v2\/tags?post=15823"}],"curies":[{"name":"wp","href":"https:\/\/api.w.org\/{rel}","templated":true}]}}