{"id":15821,"date":"2024-09-27T13:58:41","date_gmt":"2024-09-27T16:58:41","guid":{"rendered":"https:\/\/hostnetart.com.br\/baixada\/funcef-entenda-a-proposta-de-equacionamento-e-participe-da-consulta\/"},"modified":"2024-09-27T13:58:41","modified_gmt":"2024-09-27T16:58:41","slug":"funcef-entenda-a-proposta-de-equacionamento-e-participe-da-consulta","status":"publish","type":"post","link":"https:\/\/hostnetart.com.br\/baixada\/funcef-entenda-a-proposta-de-equacionamento-e-participe-da-consulta\/","title":{"rendered":"Funcef: Entenda a proposta de equacionamento e participe da consulta"},"content":{"rendered":"<\/p>\n<p>At\u00e9 \u00e0s 18h desta sexta-feira (27), os participantes ativos, aposentados e pensionistas do plano REG\/Replan Saldado da Funda\u00e7\u00e3o dos Economi\u00e1rios Federais (Funcef), respons\u00e1vel pela administra\u00e7\u00e3o dos planos de previd\u00eancia das empregadas e empregados da Caixa Econ\u00f4mica Federal, podem participar de uma consulta sobre a proposta de equacionamento dos d\u00e9ficits do plano.<\/p>\n<p>Os participantes responder\u00e3o \u201cSim\u201d, ou \u201cN\u00e3o\u201d, a uma \u00fanica pergunta:<br \/>\u201cVoc\u00ea concorda com a implementa\u00e7\u00e3o das medidas propostas pela Funcef, tendo por base o Relat\u00f3rio do GT Caixa e Funcef, para redu\u00e7\u00e3o <strong>(estimada)<\/strong> de 43% no valor das contribui\u00e7\u00f5es extraordin\u00e1rias mensais do equacionamento do REG\/Replan Saldado?\u201d<\/p>\n<p>Apenas os participantes ativos, aposentados e pensionistas do REG\/Replan Saldado maiores de 18 anos e com situa\u00e7\u00e3o ativa no plano podem opinar. E a Contraf-CUT orienta que, antes de votar, todos leiam, com muita aten\u00e7\u00e3o, os pr\u00f3s e contras da proposta e <a href=\"https:\/\/www.funcef.com.br\/portal\/menu-principal\/comunicacao\/veja-como-participar-da-consulta-publica-do-reg-replan-saldado.htm\" target=\"_blank\" rel=\"noopener noreferrer\">deem sua opini\u00e3o<\/a>.<\/p>\n<h2><strong>Contra e a favor<\/strong><\/h2>\n<p><a href=\"https:\/\/www.fenae.org.br\/portal\/fenae-portal\/fenae-rejeita-retirada-de-direitos-na-proposta-de-equacionamento-e-indica-voto-nao-a-consulta-8A19A30491B87C1401920C24ADF17BF8-00.htm\" target=\"_blank\" rel=\"noopener noreferrer\">Em live realizada no dia 19 de setembro<\/a>,\u00a0a Federa\u00e7\u00e3o Nacional das Associa\u00e7\u00f5es do Pessoal da Caixa (Fenae) lembrou que, gra\u00e7as \u00e0 press\u00e3o das entidades de representa\u00e7\u00e3o sindical das empregadas e empregados, houve melhorias na proposta original elaborada pelo GT constitu\u00eddo pela Funcef e pela Caixa, mas ressaltou que a \u00fanica certeza da proposta \u00e9 que ela ainda retira direitos dos participantes do plano REG\/Replan Saldado e deixou claro que existem outras alternativas que reduzem as contribui\u00e7\u00f5es extraordin\u00e1rias e preservam os benef\u00edcios, sem prejudicar os trabalhadores e aposentados da Caixa.<\/p>\n<p>J\u00e1 a Funcef, diz que a proposta atual traz uma redu\u00e7\u00e3o <strong>estimada<\/strong> em 43% nos valores das contribui\u00e7\u00f5es extraordin\u00e1rias mensais pagas atualmente pelos participantes ativos, pensionistas e aposentados do plano e que que validar\u00e1 o resultado da pesquisa se pelo menos 25% dos participantes do plano (13.418 votantes) derem sua opini\u00e3o.<\/p>\n<h2><strong>Hist\u00f3rico da proposta<\/strong><\/h2>\n<p>1. No dia 11 de setembro de 2023, a Contraf-CUT e a Fenae se reuniram com a Funcef e reiteraram a <a href=\"https:\/\/consulta.contrafcut.com.br\/noticias\/contraf-cut-e-fenae-cobram-solucao-para-o-equacionamento-da-funcef\/\" target=\"_blank\" rel=\"noopener noreferrer\">antiga cobran\u00e7a de uma solu\u00e7\u00e3o para o equacionamento<\/a> dos d\u00e9ficits do plano REG\/Replan;<br \/>2. <a href=\"https:\/\/www.funcef.com.br\/portal\/menu-principal\/comunicacao\/caixa-e-funcef-iniciam-grupo-de-trabalho-para-fortalecer-estudos-com-foco-no-equacionamento.htm\" target=\"_blank\" rel=\"noopener noreferrer\">No dia 7 de dezembro de 2023<\/a>, a Funcef anunciou que havia criado em um GT com a Caixa para realizar estudos para o equacionamento de d\u00e9ficits do Plano REG REPLAN Saldado e N\u00e3o Saldado;<br \/>3. No dia 13 de dezembro de 2023, a <a href=\"https:\/\/consulta.contrafcut.com.br\/noticias\/funcef-contraf-cut-cobra-participacao-sindical-nos-debates-sobre-equacionamento\/\" target=\"_blank\" rel=\"noopener noreferrer\">Contraf-CUT e a Fenae enviaram of\u00edcio cobrando \u00e0 Funcef<\/a>\u00a0e \u00e0 Caixa cobrando a participa\u00e7\u00e3o das entidades de representa\u00e7\u00e3o dos empregados no GT constitu\u00eddo pelo banco e pela funda\u00e7\u00e3o para discutir o equacionamento;<br \/>4. No dia 14 de maio de 2024, a Funcef apresentou a proposta que elaborou no GT constitu\u00eddo por ela e pelo banco, que foi muito criticada e rejeitada pelas entidades. <a href=\"https:\/\/consulta.contrafcut.com.br\/noticias\/caixa-e-funcef-propoem-retirada-de-direitos-para-reduzir-equacionamento\/\" target=\"_blank\" rel=\"noopener noreferrer\">A Funcef e a Caixa queriam impor uma s\u00e9rie de perdas<\/a>\u00a0aos participantes, tais como:<\/p>\n<ul>\n<li>Redu\u00e7\u00e3o da pens\u00e3o, que atualmente corresponde a 80% do valor do benef\u00edcio, para 50% do valor do benef\u00edcio + 10% por dependente, limitado a 80%, conforme par\u00e2metros da reforma da previd\u00eancia aprovada no governo Bolsonaro;<\/li>\n<li>Redu\u00e7\u00e3o da idade limite para recebimento da pens\u00e3o para os filhos de at\u00e9 21 anos;<\/li>\n<li>Fim do aux\u00edlio pec\u00falio, que est\u00e1 fixado atualmente em 2 vezes e meia o valor do benef\u00edcio;<\/li>\n<li>Atendimento \u00e0 Lei 3.135\/2015 (tabela de temporalidade, que limita o prazo de pagamento da pens\u00e3o por morte conforme a idade do dependente);<\/li>\n<li>Altera\u00e7\u00e3o do in\u00edcio de acumula\u00e7\u00e3o do benef\u00edcio saldado no Fundo de Acumula\u00e7\u00e3o de Benef\u00edcio (FAB), removendo o direito de incorporar o tempo de contribui\u00e7\u00e3o por ingresso no mercado antes dos 18 anos.<\/li>\n<\/ul>\n<p>5. <a href=\"https:\/\/consulta.contrafcut.com.br\/noticias\/funcef-aumento-da-meta-atuarial-e-um-dos-caminhos-para-reduzir-equacionamento\/\" target=\"_blank\" rel=\"noopener noreferrer\">A Contraf-CUT, a Fenae e a Anapar<\/a> criam seu pr\u00f3prio grupo de trabalho para discutir alternativas para o equacionamento sem retirada de direitos dos participantes;<br \/>6. <a href=\"https:\/\/consulta.contrafcut.com.br\/noticias\/39o-conecef-cobra-participacao-nas-decisoes-da-funcef\/\" target=\"_blank\" rel=\"noopener noreferrer\">Durante o 39\u00ba Conecef<\/a>, as empregadas e empregados exigem revis\u00e3o do estatuto, responsabiliza\u00e7\u00e3o da Caixa pelo contencioso, altera\u00e7\u00e3o da taxa atuarial dos fundos da Funcef e discuss\u00e3o coletiva sobre o equacionamento;<br \/>7. Em julho, <a href=\"https:\/\/contrafcut.com.br\/noticias\/funcef-empregados-tem-proposta-e-querem-apresentar\/\" target=\"_blank\" rel=\"noopener noreferrer\">a Contraf-CUT, a Fenae e a Anapar apresentam uma proposta<\/a> para o equacionamento dos d\u00e9ficits do plano REG\/Replan, sem retirada de direitos dos participantes;<br \/>8. Ainda em julho, gra\u00e7as \u00e0 press\u00e3o da Contraf-CUT, da Fenae e da Anapar, a Funcef apresenta uma proposta melhorada, mas que <a href=\"https:\/\/www.funcef.com.br\/portal\/menu-principal\/comunicacao\/funcef-avanca-na-discussao-da-proposta-para-reduzir-as-taxas-de-equacionamento-do-reg-replan-saldado.htm\" target=\"_blank\" rel=\"noopener noreferrer\">ainda desconsidera a responsabiliza\u00e7\u00e3o da Caixa pelo contencioso e retira direitos dos participantes<\/a>;<br \/>9. <a href=\"https:\/\/contrafcut.com.br\/noticias\/empregados-exigem-fim-da-cobranca-abusiva-de-metas\/\" target=\"_blank\" rel=\"noopener noreferrer\">Durante as negocia\u00e7\u00f5es com a Caixa<\/a> na Campanha Nacional dos Banc\u00e1rios 2024, a representa\u00e7\u00e3o dos empregados entregou ao banco, novamente, a proposta da Contraf-CUT, Fenae e Anapar para o equacionamento dos d\u00e9ficits do plano REG\/Replan, sem retirada de direitos dos participantes; A Caixa se comprometeu a debater o tema com a representa\u00e7\u00e3o dos empregados ap\u00f3s o fim da campanha;<br \/>10. No dia 16 de setembro, a <a href=\"https:\/\/www.funcef.com.br\/portal\/menu-principal\/comunicacao\/reg-replan-saldado-consulta-publica-sobre-proposta-do-equacionamentocomeca-nesta-sexta-20-9.htm\" target=\"_blank\" rel=\"noopener noreferrer\">Funcef divulgou a consulta<\/a> aos participantes do REG\/Replan Saldado sobre a proposta que mant\u00e9m a retirada de direitos dos participantes e anunciou que a mesma ser\u00e1 implementada se for aprovada na consulta com participa\u00e7\u00e3o de, pelo menos, 25% dos participantes do REG\/Replan Saldado.<\/p>\n<h2><strong>Outros temas<\/strong><\/h2>\n<p>A Comiss\u00e3o Executiva dos Empregados (CEE) da Caixa se reuniu na ter\u00e7a-feira (24) para discutir sobre outros pontos que precisam ser encaminhados para debate, como o fim do teto de custeio pelo banco com a sa\u00fade das empregadas e empregados e a extens\u00e3o do direito de manuten\u00e7\u00e3o do Sa\u00fade Caixa ap\u00f3s \u00e0 aposentadoria aos contratados ap\u00f3s 2018, al\u00e9m de quest\u00f5es espec\u00edficas sobre as fun\u00e7\u00f5es de caixa e tesoureiro, que precisam ser debatidas com as bases e avaliadas at\u00e9 final de outubro, ou come\u00e7o de novembro, ap\u00f3s cl\u00e1usulas terem sido apartadas da negocia\u00e7\u00e3o do ACT para aprofundamento do debate.<\/p>\n<p><strong>Fonte: Contraf-CUT<\/strong><\/p>\n","protected":false},"excerpt":{"rendered":"<p>At\u00e9 \u00e0s 18h desta sexta-feira (27), os participantes ativos, aposentados e pensionistas do plano REG\/Replan Saldado da Funda\u00e7\u00e3o dos Economi\u00e1rios Federais (Funcef), respons\u00e1vel pela administra\u00e7\u00e3o dos planos de previd\u00eancia das empregadas e empregados da Caixa Econ\u00f4mica Federal, podem participar de uma consulta sobre a proposta de equacionamento dos d\u00e9ficits do plano. Os participantes responder\u00e3o \u201cSim\u201d, [&hellip;]<\/p>\n","protected":false},"author":2,"featured_media":15820,"comment_status":"","ping_status":"","sticky":false,"template":"","format":"standard","meta":{"footnotes":""},"categories":[3],"tags":[],"class_list":["post-15821","post","type-post","status-publish","format-standard","has-post-thumbnail","hentry","category-noticias"],"_links":{"self":[{"href":"https:\/\/hostnetart.com.br\/baixada\/wp-json\/wp\/v2\/posts\/15821","targetHints":{"allow":["GET"]}}],"collection":[{"href":"https:\/\/hostnetart.com.br\/baixada\/wp-json\/wp\/v2\/posts"}],"about":[{"href":"https:\/\/hostnetart.com.br\/baixada\/wp-json\/wp\/v2\/types\/post"}],"author":[{"embeddable":true,"href":"https:\/\/hostnetart.com.br\/baixada\/wp-json\/wp\/v2\/users\/2"}],"replies":[{"embeddable":true,"href":"https:\/\/hostnetart.com.br\/baixada\/wp-json\/wp\/v2\/comments?post=15821"}],"version-history":[{"count":0,"href":"https:\/\/hostnetart.com.br\/baixada\/wp-json\/wp\/v2\/posts\/15821\/revisions"}],"wp:featuredmedia":[{"embeddable":true,"href":"https:\/\/hostnetart.com.br\/baixada\/wp-json\/wp\/v2\/media\/15820"}],"wp:attachment":[{"href":"https:\/\/hostnetart.com.br\/baixada\/wp-json\/wp\/v2\/media?parent=15821"}],"wp:term":[{"taxonomy":"category","embeddable":true,"href":"https:\/\/hostnetart.com.br\/baixada\/wp-json\/wp\/v2\/categories?post=15821"},{"taxonomy":"post_tag","embeddable":true,"href":"https:\/\/hostnetart.com.br\/baixada\/wp-json\/wp\/v2\/tags?post=15821"}],"curies":[{"name":"wp","href":"https:\/\/api.w.org\/{rel}","templated":true}]}}