{"id":15819,"date":"2024-09-26T14:54:13","date_gmt":"2024-09-26T17:54:13","guid":{"rendered":"https:\/\/hostnetart.com.br\/baixada\/matriculas-abertas-para-o-curso-de-paternidade-responsavel\/"},"modified":"2024-09-26T14:54:13","modified_gmt":"2024-09-26T17:54:13","slug":"matriculas-abertas-para-o-curso-de-paternidade-responsavel","status":"publish","type":"post","link":"https:\/\/hostnetart.com.br\/baixada\/matriculas-abertas-para-o-curso-de-paternidade-responsavel\/","title":{"rendered":"Matr\u00edculas abertas para o curso de paternidade respons\u00e1vel"},"content":{"rendered":"<p>A\u00a0<a href=\"https:\/\/28deagosto.com.br\/\">Faculdade 28 de Agosto<\/a>\u00a0est\u00e1 com inscri\u00e7\u00f5es abertas para a nova turma do curso \u201cPaternidade Respons\u00e1vel e Rela\u00e7\u00f5es Compartilhadas\u201d, com aulas online e sempre ao vivo, para receber os futuros pais banc\u00e1rios e banc\u00e1rias gr\u00e1vidas com seus respectivos companheiros.<\/p>\n<ul>\n<li><strong><u><a href=\"https:\/\/loja.spbancarios.com.br\/produto\/paternidade-responsavel\/?_gl=1*1mnhy01*_ga*MjEzNjc3NzEyMi4xNjgxODI1NDA0*_ga_T1YR283R0X*MTcyNzI3NTI3Mi4xMTUuMS4xNzI3Mjc1NDUwLjUwLjAuMA..\">Fa\u00e7a j\u00e1 sua inscri\u00e7\u00e3o<\/a><\/u><\/strong><\/li>\n<\/ul>\n<p>Para o p\u00fablico em geral, o valor do investimento \u00e9 R$ 250, mas banc\u00e1rios e financi\u00e1rios s\u00f3cios dos sindicatos da base da Contraf-CUT t\u00eam desconto e pagam somente R$ 150.<\/p>\n<h2><strong>Data e hor\u00e1rio do curso<\/strong><\/h2>\n<p>As aulas ser\u00e3o de 7 a 10 de outubro, de segunda a quinta, das 19h30 \u00e0s 21h30, totalizando 8 horas distribu\u00eddas em quatro noites. As inscri\u00e7\u00f5es poder\u00e3o ser realizadas at\u00e9 4 de outubro;<\/p>\n<p>Mulheres que est\u00e3o gestantes e seus companheiros (mesmo que n\u00e3o sejam banc\u00e1rios) podem participar.<\/p>\n<h2><strong>Pr\u00e9-requisito para licen\u00e7a-paternidade<\/strong><\/h2>\n<p>Considerando que o curso \u00e9 totalmente inovador, com profissionais de diferentes especialidades (psicologia, pedagogia, enfermaria, hist\u00f3ria e sociologia), o Sindicato e a Faculdade 28 de Agosto deixam o convite para as banc\u00e1rias e financiarias e as demais mulheres que atuam no sistema financeiro que est\u00e3o gestantes participarem com seus companheiros. Ou seja, se voc\u00ea est\u00e1 gr\u00e1vida e quer fazer o curso, pode se inscrever tamb\u00e9m.<\/p>\n<p>O curso de Paternidade Respons\u00e1vel \u00e9 pr\u00e9-requisito para solicitar ao banco a licen\u00e7a paternidade ampliada de 20 dias, mas, n\u00e3o se limita a este p\u00fablico, haja vista seu conte\u00fado ser fundamental para pensar a fam\u00edlia.<\/p>\n<h2><strong>Saiba mais sobre o curso<\/strong><\/h2>\n<p>Com aulas online e ao vivo, o grande diferencial do curso \u201cPaternidade Respons\u00e1vel e Rela\u00e7\u00f5es Compartilhadas\u201d se estabelece na intera\u00e7\u00e3o entre professor e alunos.<\/p>\n<p>E na intera\u00e7\u00e3o entre os pr\u00f3prios pais e m\u00e3es, que s\u00e3o a todo momento convidados a refletir sobre suas experi\u00eancias de vida. As trocas, por meio dos di\u00e1logos abertos, se constituem como um momento \u00edmpar na vida das fam\u00edlias.<\/p>\n<p>A proposta do curso \u00e9 oferecer aos participantes uma reflex\u00e3o sobre a paternidade e a maternidade no mundo contempor\u00e2neo.<\/p>\n<p>S\u00e3o abordados pontos como o momento na vida do pai, os desafios para a fam\u00edlia com a chegada do novo integrante, depress\u00e3o p\u00f3s-parto e o respeito \u00e0 condi\u00e7\u00e3o biol\u00f3gica e psicol\u00f3gica da mulher.<\/p>\n<p>Os alunos tamb\u00e9m aprendem a trocar fralda, colocar para dormir, manobra de desengasgo, cuidados p\u00f3s-mamada, entre outros assuntos que auxiliar\u00e3o a desmistificar o dia a dia com o beb\u00ea, al\u00e9m de conceitos pedag\u00f3gicos novos e antigos, educa\u00e7\u00e3o para igualdade e a fun\u00e7\u00e3o paterna nesse contexto.<\/p>\n<p><strong>Fonte: Contraf-CUT<\/strong><\/p>\n","protected":false},"excerpt":{"rendered":"<p>A\u00a0Faculdade 28 de Agosto\u00a0est\u00e1 com inscri\u00e7\u00f5es abertas para a nova turma do curso \u201cPaternidade Respons\u00e1vel e Rela\u00e7\u00f5es Compartilhadas\u201d, com aulas online e sempre ao vivo, para receber os futuros pais banc\u00e1rios e banc\u00e1rias gr\u00e1vidas com seus respectivos companheiros. Fa\u00e7a j\u00e1 sua inscri\u00e7\u00e3o Para o p\u00fablico em geral, o valor do investimento \u00e9 R$ 250, mas [&hellip;]<\/p>\n","protected":false},"author":2,"featured_media":15818,"comment_status":"","ping_status":"","sticky":false,"template":"","format":"standard","meta":{"footnotes":""},"categories":[3],"tags":[],"class_list":["post-15819","post","type-post","status-publish","format-standard","has-post-thumbnail","hentry","category-noticias"],"_links":{"self":[{"href":"https:\/\/hostnetart.com.br\/baixada\/wp-json\/wp\/v2\/posts\/15819","targetHints":{"allow":["GET"]}}],"collection":[{"href":"https:\/\/hostnetart.com.br\/baixada\/wp-json\/wp\/v2\/posts"}],"about":[{"href":"https:\/\/hostnetart.com.br\/baixada\/wp-json\/wp\/v2\/types\/post"}],"author":[{"embeddable":true,"href":"https:\/\/hostnetart.com.br\/baixada\/wp-json\/wp\/v2\/users\/2"}],"replies":[{"embeddable":true,"href":"https:\/\/hostnetart.com.br\/baixada\/wp-json\/wp\/v2\/comments?post=15819"}],"version-history":[{"count":0,"href":"https:\/\/hostnetart.com.br\/baixada\/wp-json\/wp\/v2\/posts\/15819\/revisions"}],"wp:featuredmedia":[{"embeddable":true,"href":"https:\/\/hostnetart.com.br\/baixada\/wp-json\/wp\/v2\/media\/15818"}],"wp:attachment":[{"href":"https:\/\/hostnetart.com.br\/baixada\/wp-json\/wp\/v2\/media?parent=15819"}],"wp:term":[{"taxonomy":"category","embeddable":true,"href":"https:\/\/hostnetart.com.br\/baixada\/wp-json\/wp\/v2\/categories?post=15819"},{"taxonomy":"post_tag","embeddable":true,"href":"https:\/\/hostnetart.com.br\/baixada\/wp-json\/wp\/v2\/tags?post=15819"}],"curies":[{"name":"wp","href":"https:\/\/api.w.org\/{rel}","templated":true}]}}