{"id":15811,"date":"2024-09-25T03:00:46","date_gmt":"2024-09-25T06:00:46","guid":{"rendered":"https:\/\/hostnetart.com.br\/baixada\/assembleias-vao-deliberar-sobre-acordo-de-jornada-de-trabalho-no-bndes\/"},"modified":"2024-09-25T03:00:46","modified_gmt":"2024-09-25T06:00:46","slug":"assembleias-vao-deliberar-sobre-acordo-de-jornada-de-trabalho-no-bndes","status":"publish","type":"post","link":"https:\/\/hostnetart.com.br\/baixada\/assembleias-vao-deliberar-sobre-acordo-de-jornada-de-trabalho-no-bndes\/","title":{"rendered":"Assembleias v\u00e3o deliberar sobre acordo de jornada de trabalho no BNDES"},"content":{"rendered":"<\/p>\n<p>As funcion\u00e1rias e funcion\u00e1rios do sistema BNDES v\u00e3o deliberar, a partir das 9h desta quarta-feira (25), se aprovam o Acordo Coletivo de Trabalho (ACT) espec\u00edfico sobre a jornada de trabalho. A vota\u00e7\u00e3o, que ocorrer\u00e1 por meio de plataformas digitais com acesso pela internet, seguem at\u00e9 \u00e0s 19h de quinta-feira (26). Na quarta-feira, das 18h \u00e0s 19h, ser\u00e3o realizadas plen\u00e1rias por videoconfer\u00eancia para debate e esclarecimento da proposta.<br \/>Os links das plen\u00e1rias e das assembleias ser\u00e3o divulgados pelas entidades de representa\u00e7\u00e3o de cada base sindical dos trabalhadores no <a href=\"https:\/\/www.bancariosrio.org.br\/index.php\/component\/k2\/item\/13157-assembleia-virtual-vai-deliberar-sobre-proposta-do-bndes\" target=\"_blank\" rel=\"noopener noreferrer\">Rio de Janeiro<\/a>, <a href=\"https:\/\/bancariosdf.com.br\/portal\/assembleia-dos-bancarios-do-bndes-nesta-quarta-e-quinta-decide-sobre-acordo-relativo-a-jornada-de-trabalho\/\" target=\"_blank\" rel=\"noopener noreferrer\">Bras\u00edlia<\/a>, <a href=\"https:\/\/spbancarios.com.br\/09\/2024\/sindicato-convoca-bancarios-do-bndes-para-assembleia-virtual-na-quarta-25\" target=\"_blank\" rel=\"noopener noreferrer\">S\u00e3o Paulo<\/a> e <a href=\"https:\/\/www.bancariospe.org.br\/\" target=\"_blank\" rel=\"noopener noreferrer\">Recife<\/a>.<br \/>\u201cConseguimos trazer a regulamenta\u00e7\u00e3o do trabalho em home office para dentro do acordo. Isso traz mais seguran\u00e7a ao trabalhador, pois a empresa n\u00e3o poder\u00e1 mudar as normas sem antes negociar com as entidades de representa\u00e7\u00e3o do funcionalismo do BNDES\u201d, disse o vice-presidente da Contraf-CUT, Vin\u00edcius Assump\u00e7\u00e3o, que representa a entidade na mesa de negocia\u00e7\u00f5es com o banco. \u201cTamb\u00e9m conseguimos aumentar de seis meses para um ano a redu\u00e7\u00e3o de uma hora na jornada para mulheres lactantes\u201d, completou.<\/p>\n<h2><strong>Outras negocia\u00e7\u00f5es<\/strong><\/h2>\n<p>Al\u00e9m do ACT da Jornada de Trabalho, ainda est\u00e3o em negocia\u00e7\u00e3o o ACT Geral e o espec\u00edfico sobre a PLR. \u201cNo ACT Geral, o banco j\u00e1 disse que vai seguir o que foi negociado com a Fenaban. Restam apenas alguns pontos espec\u00edficos a serem discutidos. O ACT da PLR tamb\u00e9m j\u00e1 foi negociado e ser\u00e1 debatido com o funcionalismo do BNDES na semana que vem\u201d, informou o vice-presidente da Contraf-CUT.<\/p>\n<h2><strong>Sistema BNDES<\/strong><\/h2>\n<p>Al\u00e9m do Banco Nacional de Desenvolvimento Econ\u00f4mico e Social, as subsidi\u00e1rias de fomento de investimentos imobili\u00e1rio (BNDESPAR) e de financiamento \u00e0 produ\u00e7\u00e3o e comercializa\u00e7\u00e3o de m\u00e1quinas e equipamentos (Finame) fazem parte do Sistema BNDES.<\/p>\n<p><strong>Fonte: Contraf-CUT<\/strong><\/p>\n","protected":false},"excerpt":{"rendered":"<p>As funcion\u00e1rias e funcion\u00e1rios do sistema BNDES v\u00e3o deliberar, a partir das 9h desta quarta-feira (25), se aprovam o Acordo Coletivo de Trabalho (ACT) espec\u00edfico sobre a jornada de trabalho. A vota\u00e7\u00e3o, que ocorrer\u00e1 por meio de plataformas digitais com acesso pela internet, seguem at\u00e9 \u00e0s 19h de quinta-feira (26). Na quarta-feira, das 18h \u00e0s [&hellip;]<\/p>\n","protected":false},"author":2,"featured_media":15810,"comment_status":"","ping_status":"","sticky":false,"template":"","format":"standard","meta":{"footnotes":""},"categories":[3],"tags":[],"class_list":["post-15811","post","type-post","status-publish","format-standard","has-post-thumbnail","hentry","category-noticias"],"_links":{"self":[{"href":"https:\/\/hostnetart.com.br\/baixada\/wp-json\/wp\/v2\/posts\/15811","targetHints":{"allow":["GET"]}}],"collection":[{"href":"https:\/\/hostnetart.com.br\/baixada\/wp-json\/wp\/v2\/posts"}],"about":[{"href":"https:\/\/hostnetart.com.br\/baixada\/wp-json\/wp\/v2\/types\/post"}],"author":[{"embeddable":true,"href":"https:\/\/hostnetart.com.br\/baixada\/wp-json\/wp\/v2\/users\/2"}],"replies":[{"embeddable":true,"href":"https:\/\/hostnetart.com.br\/baixada\/wp-json\/wp\/v2\/comments?post=15811"}],"version-history":[{"count":0,"href":"https:\/\/hostnetart.com.br\/baixada\/wp-json\/wp\/v2\/posts\/15811\/revisions"}],"wp:featuredmedia":[{"embeddable":true,"href":"https:\/\/hostnetart.com.br\/baixada\/wp-json\/wp\/v2\/media\/15810"}],"wp:attachment":[{"href":"https:\/\/hostnetart.com.br\/baixada\/wp-json\/wp\/v2\/media?parent=15811"}],"wp:term":[{"taxonomy":"category","embeddable":true,"href":"https:\/\/hostnetart.com.br\/baixada\/wp-json\/wp\/v2\/categories?post=15811"},{"taxonomy":"post_tag","embeddable":true,"href":"https:\/\/hostnetart.com.br\/baixada\/wp-json\/wp\/v2\/tags?post=15811"}],"curies":[{"name":"wp","href":"https:\/\/api.w.org\/{rel}","templated":true}]}}