{"id":1581,"date":"2013-10-09T00:00:00","date_gmt":"2013-10-09T03:00:00","guid":{"rendered":"https:\/\/hostnetart.com.br\/baixada\/greve-cresce-fecha-11-748-agencias-no-20-dia-e-bancarios-exigem-proposta\/"},"modified":"2013-10-09T00:00:00","modified_gmt":"2013-10-09T03:00:00","slug":"greve-cresce-fecha-11-748-agencias-no-20-dia-e-bancarios-exigem-proposta","status":"publish","type":"post","link":"https:\/\/hostnetart.com.br\/baixada\/greve-cresce-fecha-11-748-agencias-no-20-dia-e-bancarios-exigem-proposta\/","title":{"rendered":"Greve cresce, fecha 11.748 ag\u00eancias no 20\u00ba dia e banc\u00e1rios exigem proposta"},"content":{"rendered":"<p>Diante do sil\u00eancio da Fenaban, a greve nacional dos banc\u00e1rios foi ampliada nesta ter\u00e7a-feira 8, em seu 20\u00ba dia, com o fechamento de 11.748 ag\u00eancias, centros administrativos e call centers em todos os estados e no Distrito Federal. Significa um crescimento de 91,1% em rela\u00e7\u00e3o ao primeiro dia da paralisa\u00e7\u00e3o, em 19 de setembro, quando 6.145 depend\u00eancias foram fechadas.<\/p>\n<p>\u00a0<br \/>\u201cOs bancos acharam que nos venceriam pelo cansa\u00e7o. Mas os banc\u00e1rios est\u00e3o demonstrando extraordin\u00e1ria capacidade de luta e que t\u00eam f\u00f4lego para aumentar a greve ainda mais e for\u00e7ar a Fenaban a apresentar uma proposta que contemple as reivindica\u00e7\u00f5es por aumento real, valoriza\u00e7\u00e3o do piso, PLR melhor, prote\u00e7\u00e3o ao emprego, melhores condi\u00e7\u00f5es de trabalho, mais seguran\u00e7a e igualdade de oportunidades\u201d, diz Carlos Cordeiro, presidente da Contraf-CUT e coordenador do Comando Nacional dos Banc\u00e1rios.<\/p>\n<p>\u00a0<\/p>\n<p>\u201cAl\u00e9m do constante crescimento da greve, dia ap\u00f3s dia, tanto em bancos p\u00fablicos como privados, outro forte indicador de que os banc\u00e1rios n\u00e3o retornar\u00e3o ao trabalho sem uma proposta decente foi que as assembleias desta segunda-feira foram massivas, com n\u00famero maior de trabalhadores do que quando foi deflagrada a greve\u201d, acrescenta Cordeiro. \u201cA categoria est\u00e1 muito irritada e mobilizada com a postura intransigente dos bancos, que nega a valoriza\u00e7\u00e3o dos sal\u00e1rios dos trabalhadores mas premia os altos executivos com remunera\u00e7\u00e3o milion\u00e1ria.\u201d<\/p>\n<p>\u00a0<\/p>\n<p>\u00a0<\/p>\n<p><strong>Categoria aguarda nova proposta<\/strong><\/p>\n<p>\u00a0<\/p>\n<p>Nesta ter\u00e7a-feira, a Contraf-CUT enviou of\u00edcio do Comando Nacional \u00e0 Fenaban comunicando que as decis\u00f5es das assembleias de segunda-feira em todo o pa\u00eds rejeitaram a proposta insuficiente apresentada na sexta-feira, que eleva de 6,1% para 7,1% (o que representa apenas 0,97% de ganho real).<\/p>\n<p>\u00a0<\/p>\n<p>O Comando reitera no of\u00edcio que \u201cpermanece \u00e0 disposi\u00e7\u00e3o para continuar as negocia\u00e7\u00f5es para a apresenta\u00e7\u00e3o de uma proposta satisfat\u00f3ria dos bancos, que atenda de fato \u00e0s reivindica\u00e7\u00f5es econ\u00f4micas e sociais da categoria\u201d.<\/p>\n<p>\u00a0<\/p>\n<p>\u00a0<\/p>\n<p><strong>Vigilantes d\u00e3o apoio e se colocam \u00e0 disposi\u00e7\u00e3o<\/strong><\/p>\n<p>\u00a0<\/p>\n<p>A Confedera\u00e7\u00e3o Nacional dos Trabalhadores Vigilantes (CNTV) enviou carta \u00e0 Contraf-CUT nesta ter\u00e7a-feira manifestando solidariedade \u00e0 greve dos banc\u00e1rios e colocando-se \u00e0 disposi\u00e7\u00e3o para apoio efetivo \u00e0 paralisa\u00e7\u00e3o.<\/p>\n<p>\u00a0<\/p>\n<p>\u201cSe vigilantes e banc\u00e1rios s\u00e3o as primeiras v\u00edtimas da viol\u00eancia nas ag\u00eancias do descaso e descompromisso dos patr\u00f5es de bancos e de empresas de vigil\u00e2ncia (\u2026), hoje somos mais parceiros na luta e nos compromissos com respeito e dignidade\u201d, afirma na carta o presidente da CNTV, Jos\u00e9 Boaventura Santos.<\/p>\n<p>\u00a0<\/p>\n<p>\u201cNo 20\u00ba dia da greve \u2013 acrescenta Boaventura -, queremos n\u00e3o somente reafirmar o apoio dos vigilantes (\u2026), mas tamb\u00e9m conclamar a toda a nossa categoria a expressar de todas as formas esse apoio, a colabora\u00e7\u00e3o e a a\u00e7\u00e3o efetiva para a a\u00e7\u00e3o dos trabalhadores e a derrota da intransig\u00eancia e da arrog\u00e2ncia dos banqueiros.\u201d<\/p>\n<p>\u00a0<\/p>\n<p>\u00a0<\/p>\n<p><strong>A proposta dos bancos rejeitada pelos banc\u00e1rios<\/strong><\/p>\n<p>\u00a0<\/p>\n<p>&gt; Reajuste: 7,1% (0,97% de aumento real).<\/p>\n<p>&gt; Pisos: Reajuste de 7,5% (ganho real de 1,34%).<br \/>&#8211; Piso de portaria ap\u00f3s 90 dias: R$ 1.138,38.<br \/>&#8211; Piso de escritur\u00e1rio ap\u00f3s 90 dias: R$ 1.632,93.<br \/>&#8211; Piso de caixa ap\u00f3s 90 dias: R$ 2.209,01 (que inclui R$ 391,13 de gratifica\u00e7\u00e3o de caixa e R$ 184,95 de outras verbas).<\/p>\n<p>&gt; PLR regra b\u00e1sica: 90% do sal\u00e1rio mais valor fixo de R$ 1.694,00 (reajuste de 10%), limitado a R$ 9.011,76.<\/p>\n<p>&gt; PLR parcela adicional: 2% do lucro l\u00edquido distribu\u00eddos linearmente, limitado a R$ 3.388,00 (10% de reajuste).<\/p>\n<p>&gt; Aux\u00edlio-refei\u00e7\u00e3o: de R$ 21,46 para R$ 22,98 por dia.<\/p>\n<p>&gt; Cesta-alimenta\u00e7\u00e3o: de R$ 367,92 para R$ 394,04.<\/p>\n<p>&gt; 13\u00aa cesta-alimenta\u00e7\u00e3o: de R$ 367,92 para R$ 394,04.<\/p>\n<p>&gt; Aux\u00edlio-creche\/bab\u00e1: de R$ 306,21 para R$ 327,95 (para filhos at\u00e9 71 meses). E de R$ 261,95 para R$ 280,55 (para filhos at\u00e9 83 meses)<\/p>\n<p>&gt; Adiantamento emergencial \u2013 N\u00e3o devolu\u00e7\u00e3o do adiantamento emergencial de sal\u00e1rio para os afastados que recebem alta do INSS e s\u00e3o considerados inaptos pelo m\u00e9dico do trabalho em caso de recurso administrativo n\u00e3o aceito pelo INSS.<\/p>\n<p>&gt; Preven\u00e7\u00e3o de conflitos no ambiente de trabalho \u2013 Redu\u00e7\u00e3o do prazo de 60 para 45 dias para resposta dos bancos \u00e0s den\u00fancias encaminhadas pelos sindicatos, al\u00e9m de reuni\u00e3o espec\u00edfica com a Fenaban para discutir aprimoramento do programa.<\/p>\n<p>&gt; Adoecimento de banc\u00e1rios \u2013 Constitui\u00e7\u00e3o de grupo de trabalho, com n\u00edvel pol\u00edtico e t\u00e9cnico, para analisar as causas dos afastamentos.<\/p>\n<p>&gt; Inova\u00e7\u00f5es tecnol\u00f3gicas \u2013 Realiza\u00e7\u00e3o, em data a ser definida, de um Semin\u00e1rio sobre Tend\u00eancias da Tecnologia no Cen\u00e1rio Banc\u00e1rio Mundial.<\/p>\n<p>\u00a0<\/p>\n<p>\u00a0<\/p>\n<p><strong>As principais reivindica\u00e7\u00f5es dos banc\u00e1rios<\/strong><\/p>\n<p>\u00a0<\/p>\n<p>&gt; Reajuste salarial de 11,93% (5% de aumento real al\u00e9m da infla\u00e7\u00e3o)<\/p>\n<p>&gt; PLR: tr\u00eas sal\u00e1rios mais R$ 5.553,15.<\/p>\n<p>&gt; Piso: R$ 2.860,21 (sal\u00e1rio m\u00ednimo do Dieese).<\/p>\n<p>&gt; Aux\u00edlios alimenta\u00e7\u00e3o, refei\u00e7\u00e3o, 13\u00aa cesta e aux\u00edlio-creche\/bab\u00e1: R$ 678 ao m\u00eas para cada (sal\u00e1rio m\u00ednimo nacional).<\/p>\n<p>&gt; Melhores condi\u00e7\u00f5es de trabalho, com o fim das metas abusivas e do ass\u00e9dio moral que adoece os banc\u00e1rios.<\/p>\n<p>&gt; Emprego: fim das demiss\u00f5es, mais contrata\u00e7\u00f5es, aumento da inclus\u00e3o banc\u00e1ria, combate \u00e0s terceiriza\u00e7\u00f5es, especialmente ao PL 4330 que precariza as condi\u00e7\u00f5es de trabalho, al\u00e9m da aplica\u00e7\u00e3o da Conven\u00e7\u00e3o 158 da OIT, que pro\u00edbe as dispensas imotivadas.<\/p>\n<p>&gt; Plano de Cargos, Carreiras e Sal\u00e1rios (PCCS) para todos os banc\u00e1rios.<\/p>\n<p>&gt; Aux\u00edlio-educa\u00e7\u00e3o: pagamento para gradua\u00e7\u00e3o e p\u00f3s-gradua\u00e7\u00e3o.<\/p>\n<p>&gt; Preven\u00e7\u00e3o contra assaltos e sequestros, com o fim da guarda das chaves de cofres e ag\u00eancias por banc\u00e1rios.<\/p>\n<p>&gt; Igualdade de oportunidades para banc\u00e1rios e banc\u00e1rias, com a contrata\u00e7\u00e3o de pelo menos 20% de negros e negras.<\/p>\n<p>\u00a0<br \/>Fonte: Contraf-CUT<\/p>\n","protected":false},"excerpt":{"rendered":"<p>Diante do sil\u00eancio da Fenaban, a greve nacional dos banc\u00e1rios foi ampliada nesta ter\u00e7a-feira 8, em seu 20\u00ba dia, com o fechamento de 11.748 ag\u00eancias, centros administrativos e call centers em todos os estados e no Distrito Federal. Significa um crescimento de 91,1% em rela\u00e7\u00e3o ao primeiro dia da paralisa\u00e7\u00e3o, em 19 de setembro, quando [&hellip;]<\/p>\n","protected":false},"author":1,"featured_media":0,"comment_status":"","ping_status":"","sticky":false,"template":"","format":"standard","meta":{"footnotes":""},"categories":[3],"tags":[],"class_list":["post-1581","post","type-post","status-publish","format-standard","hentry","category-noticias"],"_links":{"self":[{"href":"https:\/\/hostnetart.com.br\/baixada\/wp-json\/wp\/v2\/posts\/1581","targetHints":{"allow":["GET"]}}],"collection":[{"href":"https:\/\/hostnetart.com.br\/baixada\/wp-json\/wp\/v2\/posts"}],"about":[{"href":"https:\/\/hostnetart.com.br\/baixada\/wp-json\/wp\/v2\/types\/post"}],"author":[{"embeddable":true,"href":"https:\/\/hostnetart.com.br\/baixada\/wp-json\/wp\/v2\/users\/1"}],"replies":[{"embeddable":true,"href":"https:\/\/hostnetart.com.br\/baixada\/wp-json\/wp\/v2\/comments?post=1581"}],"version-history":[{"count":0,"href":"https:\/\/hostnetart.com.br\/baixada\/wp-json\/wp\/v2\/posts\/1581\/revisions"}],"wp:attachment":[{"href":"https:\/\/hostnetart.com.br\/baixada\/wp-json\/wp\/v2\/media?parent=1581"}],"wp:term":[{"taxonomy":"category","embeddable":true,"href":"https:\/\/hostnetart.com.br\/baixada\/wp-json\/wp\/v2\/categories?post=1581"},{"taxonomy":"post_tag","embeddable":true,"href":"https:\/\/hostnetart.com.br\/baixada\/wp-json\/wp\/v2\/tags?post=1581"}],"curies":[{"name":"wp","href":"https:\/\/api.w.org\/{rel}","templated":true}]}}