{"id":15809,"date":"2024-09-24T14:35:10","date_gmt":"2024-09-24T17:35:10","guid":{"rendered":"https:\/\/hostnetart.com.br\/baixada\/voce-ja-sabe-em-quem-vai-votar\/"},"modified":"2024-09-24T14:35:10","modified_gmt":"2024-09-24T17:35:10","slug":"voce-ja-sabe-em-quem-vai-votar","status":"publish","type":"post","link":"https:\/\/hostnetart.com.br\/baixada\/voce-ja-sabe-em-quem-vai-votar\/","title":{"rendered":"Voc\u00ea j\u00e1 sabe em quem vai votar?"},"content":{"rendered":"<p>No dia 6 de outubro, brasileiras e brasileiros v\u00e3o \u00e0s urnas nos 5.569 mun\u00edcipios de todo o pa\u00eds para eleger prefeitas, ou prefeitos, e vereadoras e vereadores. A menos de duas semanas do pleito, a Contraf-CUT refor\u00e7a a resolu\u00e7\u00e3o aprovada pela categoria banc\u00e1ria, em junho, durante sua 26\u00aa Confer\u00eancia Nacional, que ressalta a import\u00e2ncia das elei\u00e7\u00f5es municipais para a constru\u00e7\u00e3o do debate sobre grandes temas nacionais para a conquista de direitos para a classe trabalhadora e a consolida\u00e7\u00e3o da democracia no pa\u00eds.<\/p>\n<p>O texto foi constru\u00eddo com base na resposta de 74% dos quase 47 mil banc\u00e1rios e banc\u00e1rias que participaram da Consulta Nacional \u00e0 categoria e avaliaram como muito importante a elei\u00e7\u00e3o para as c\u00e2maras municipais e prefeituras, de candidatas e candidatos comprometidos com as pautas dos trabalhadores. Para outros 18%, \u00e9 importante a elei\u00e7\u00e3o de candidatos com esse perfil. Apenas 4% avaliam como pouco importante e outros 4% que n\u00e3o tem import\u00e2ncia.<\/p>\n<p>A resolu\u00e7\u00e3o, aprovada em junho pela categoria, destaca que \u201co acirramento nas disputas de projetos pol\u00edticos para o Brasil tem demonstrado que \u00e9 fundamental que os trabalhadores avancem e garantam a continuidade e o aprofundamento de pol\u00edticas que fortale\u00e7am nosso projeto de sociedade democr\u00e1tica, o que implica em desenvolvimento sustent\u00e1vel, com melhor distribui\u00e7\u00e3o de renda, inclus\u00e3o social e gera\u00e7\u00e3o de empregos de qualidade\u201d.<\/p>\n<p>\u201cO apoio da categoria \u00e0s candidaturas comprometidas com as pautas da classe trabalhadora \u00e9 fundamental para que se altere a correla\u00e7\u00e3o de for\u00e7as nas c\u00e2maras municipais e nas prefeituras que hoje s\u00e3o ocupadas, em grande parte, por quem atua contra os trabalhadores e contra a democracia\u201d, disse a presidenta da Contraf-CUT e coordenadora do Comando Nacional dos Banc\u00e1rios, Juvandia Moreira. \u201cPrecisamos estar atentos e votar com consci\u00eancia para tirarmos do poder quem quer manter a concentra\u00e7\u00e3o de renda e n\u00e3o pensa em pol\u00edticas sociais para reduzir a desigualdade social. J\u00e1 passou da hora de pararmos de eleger quem trabalha para deixar o rico cada vez mais rico e o pobre cada vez mais pobre. N\u00f3s, trabalhadores, somos maioria! Precisamos eleger quem nos representa!\u201d, completou.<\/p>\n<p>\u00a0<\/p>\n<h2><strong>Proximidade com o eleitor<\/strong><\/h2>\n<p>Juvandia tamb\u00e9m lembra que \u00e9 na esfera municipal que o eleitor consegue ver com mais clareza a import\u00e2ncia da pol\u00edtica para seu dia a dia. \u201cO prefeito \u00e9 o respons\u00e1vel pela Unidade B\u00e1sica de Sa\u00fade e pela creche, \u00e9 ele quem deve consertar os buracos nas ruas e cortar o mato das cal\u00e7adas. Mas tamb\u00e9m \u00e9 na pol\u00edtica municipal que se constr\u00f3i a base de debate para os grandes temas nacionais\u201d, observou a presidenta da Contraf-CUT. \u201cPor isso, al\u00e9m de elegermos prefeitas e prefeitos comprometidos com nossas pautas, temos que eleger vereadoras e vereadores que fiscalizem a atua\u00e7\u00e3o destes prefeitos e estejam em cada bairro, em cada vila, em cada comunidade de nossas cidades, para levar o debate e construir a vis\u00e3o social sobre a cidade, o estado e o pa\u00eds que queremos\u201d, completou.<\/p>\n<p><strong>Veja abaixo seis pontos da resolu\u00e7\u00e3o aprovada pela categoria banc\u00e1ria que devem ser considerados neste processo eleitoral:<\/strong><br \/>\u2022\u00a0\u00a0 \u00a0Mapear e apoiar as candidaturas comprometidas com as pautas da classe trabalhadora ser\u00e1 decisivo para que se altere a correla\u00e7\u00e3o de for\u00e7as nas C\u00e2maras Municipais e nas prefeituras, hoje ocupadas, muitas delas, por representantes da extrema direita, antidemocr\u00e1tica e antipovo;<br \/>\u2022\u00a0\u00a0 \u00a0Ampliar as fronteiras da cidadania com a cria\u00e7\u00e3o de novos direitos e a democratiza\u00e7\u00e3o dos espa\u00e7os de decis\u00e3o e gest\u00e3o das pol\u00edticas p\u00fablicas \u00e9 uma prioridade a ser encampada por todas e todos os trabalhadores organizados;<br \/>\u2022\u00a0\u00a0 \u00a0A consolida\u00e7\u00e3o da democracia e a participa\u00e7\u00e3o popular s\u00e3o necess\u00e1rias para que mudan\u00e7as estruturais ocorram e a disputa de projetos passa pela elei\u00e7\u00e3o de representantes nos parlamentos municipais e na gest\u00e3o dos munic\u00edpios brasileiros;<br \/>\u2022\u00a0\u00a0 \u00a0Defendemos reformas estruturais para a constru\u00e7\u00e3o de uma sociedade democr\u00e1tica e igualit\u00e1ria, para que a democratiza\u00e7\u00e3o das cidades seja plena;<br \/>\u2022\u00a0\u00a0 \u00a0\u00c9 necess\u00e1rio intensificar nossa estrat\u00e9gia organizativa e de lutas, construindo propostas e diretrizes para um projeto nacional de desenvolvimento, consolidadas nas pautas a serem defendidas por aquelas e aqueles que, de fato, nos representam e disputar\u00e3o as elei\u00e7\u00f5es municipais de 2024;<br \/>\u2022\u00a0\u00a0 \u00a0Uma nova composi\u00e7\u00e3o das casas legislativas e dos executivos municipais, unificando as for\u00e7as em prol de um mundo justo e democr\u00e1tico, no qual os trabalhadores e trabalhadoras sejam reconhecidos como classe social digna de direitos e de cidadania \u00e9 essencial \u00e0 nossa luta.<\/p>\n<p><strong>Fonte: Contraf-CUT<\/strong><\/p>\n","protected":false},"excerpt":{"rendered":"<p>No dia 6 de outubro, brasileiras e brasileiros v\u00e3o \u00e0s urnas nos 5.569 mun\u00edcipios de todo o pa\u00eds para eleger prefeitas, ou prefeitos, e vereadoras e vereadores. A menos de duas semanas do pleito, a Contraf-CUT refor\u00e7a a resolu\u00e7\u00e3o aprovada pela categoria banc\u00e1ria, em junho, durante sua 26\u00aa Confer\u00eancia Nacional, que ressalta a import\u00e2ncia das [&hellip;]<\/p>\n","protected":false},"author":2,"featured_media":15808,"comment_status":"","ping_status":"","sticky":false,"template":"","format":"standard","meta":{"footnotes":""},"categories":[3],"tags":[],"class_list":["post-15809","post","type-post","status-publish","format-standard","has-post-thumbnail","hentry","category-noticias"],"_links":{"self":[{"href":"https:\/\/hostnetart.com.br\/baixada\/wp-json\/wp\/v2\/posts\/15809","targetHints":{"allow":["GET"]}}],"collection":[{"href":"https:\/\/hostnetart.com.br\/baixada\/wp-json\/wp\/v2\/posts"}],"about":[{"href":"https:\/\/hostnetart.com.br\/baixada\/wp-json\/wp\/v2\/types\/post"}],"author":[{"embeddable":true,"href":"https:\/\/hostnetart.com.br\/baixada\/wp-json\/wp\/v2\/users\/2"}],"replies":[{"embeddable":true,"href":"https:\/\/hostnetart.com.br\/baixada\/wp-json\/wp\/v2\/comments?post=15809"}],"version-history":[{"count":0,"href":"https:\/\/hostnetart.com.br\/baixada\/wp-json\/wp\/v2\/posts\/15809\/revisions"}],"wp:featuredmedia":[{"embeddable":true,"href":"https:\/\/hostnetart.com.br\/baixada\/wp-json\/wp\/v2\/media\/15808"}],"wp:attachment":[{"href":"https:\/\/hostnetart.com.br\/baixada\/wp-json\/wp\/v2\/media?parent=15809"}],"wp:term":[{"taxonomy":"category","embeddable":true,"href":"https:\/\/hostnetart.com.br\/baixada\/wp-json\/wp\/v2\/categories?post=15809"},{"taxonomy":"post_tag","embeddable":true,"href":"https:\/\/hostnetart.com.br\/baixada\/wp-json\/wp\/v2\/tags?post=15809"}],"curies":[{"name":"wp","href":"https:\/\/api.w.org\/{rel}","templated":true}]}}