{"id":15807,"date":"2024-09-20T16:16:26","date_gmt":"2024-09-20T19:16:26","guid":{"rendered":"https:\/\/hostnetart.com.br\/baixada\/21-de-setembro-dia-nacional-de-luta-das-pessoas-com-deficiencia\/"},"modified":"2024-09-20T16:16:26","modified_gmt":"2024-09-20T19:16:26","slug":"21-de-setembro-dia-nacional-de-luta-das-pessoas-com-deficiencia","status":"publish","type":"post","link":"https:\/\/hostnetart.com.br\/baixada\/21-de-setembro-dia-nacional-de-luta-das-pessoas-com-deficiencia\/","title":{"rendered":"21 de setembro, Dia Nacional de Luta das Pessoas com Defici\u00eancia"},"content":{"rendered":"<p>H\u00e1 32 anos, o dia 21 de setembro foi institu\u00eddo como o Dia Nacional de Luta das Pessoas com Defici\u00eancia (PcD), uma data que simboliza a constante busca por acessibilidade, emprego, educa\u00e7\u00e3o e, sobretudo, respeito \u00e0s diferen\u00e7as. Segundo dados do IBGE, 34% da popula\u00e7\u00e3o brasileira possui algum tipo de defici\u00eancia, enfrentando desafios di\u00e1rios em uma sociedade que ainda precisa avan\u00e7ar na inclus\u00e3o.<\/p>\n<p>A data, que foi oficializada em 14 de julho de 2005 pela Lei Federal n\u00ba 11.133, \u00e9 resultado da luta e mobiliza\u00e7\u00e3o do Conselho Nacional dos Direitos da Pessoa com Defici\u00eancia (Conade). O dia 21 de setembro foi escolhido por sua proximidade com a primavera e o Dia da \u00c1rvore, representando o nascimento das reivindica\u00e7\u00f5es por cidadania e participa\u00e7\u00e3o plena em igualdade de condi\u00e7\u00f5es.<\/p>\n<p>Desde ent\u00e3o, a data \u00e9 celebrada anualmente em todos os estados do Brasil, servindo como um momento de reflex\u00e3o e de incentivo \u00e0 sensibiliza\u00e7\u00e3o por mais inclus\u00e3o social. Os direitos das pessoas com defici\u00eancia s\u00e3o garantidos pela Constitui\u00e7\u00e3o Federal de 1988, e o Brasil se destaca por ter uma das legisla\u00e7\u00f5es mais avan\u00e7adas do mundo nessa \u00e1rea.<\/p>\n<p>Neste ano, a categoria banc\u00e1ria tem um motivo especial para comemorar a data voltada para o reconhecimento e reivindica\u00e7\u00e3o de direitos aos PcD: o resultado da Campanha Nacional dos Banc\u00e1rios 2024, que incluiu na Conven\u00e7\u00e3o Coletiva de Trabalho (CCT) a concess\u00e3o de abono de aus\u00eancia para conserto ou reparo de pr\u00f3teses, garantindo que esses trabalhadores possam atender suas necessidades sem enfrentar preju\u00edzos financeiros ou profissionais.<\/p>\n<p>\u201cO Dia Nacional de Luta das Pessoas com Defici\u00eancia \u00e9 mais uma oportunidade para fortalecer essa caminhada, relembrando as conquistas e buscando sempre novos caminhos para garantir o respeito e a igualdade de todos os cidad\u00e3os\u201d, destaca a secret\u00e1ria de Pol\u00edticas Sociais da Contraf-CUT, Elaine Cutis, &#8220;Tivemos, sem d\u00favida, alguns avan\u00e7os importantes, frutos de muita luta. No entanto, ainda h\u00e1 muito, muito mesmo a se fazer quando falamos sobre as pessoas com defici\u00eancia. Precisamos criar condi\u00e7\u00f5es acess\u00edveis e dignas para esse p\u00fablico, desde garantir empregos decentes at\u00e9 proporcionar capacita\u00e7\u00e3o e oportunidades reais de ascens\u00e3o dentro das empresas. Essas s\u00e3o quest\u00f5es centrais da nossa luta e esperamos poder continuar avan\u00e7ando, sempre com o objetivo de construir uma sociedade verdadeiramente inclusiva&#8221;, completa.<\/p>\n<p>Maria Cleide Queiroz, coordenadora do Coletivo Nacional dos Trabalhadores e das Trabalhadoras com Defici\u00eancia da CUT, acredita que &#8220;a luta em defesa dos direitos e por mais conquistas \u00e9 permanente, e seguiremos na perspectiva de dias melhores, buscando que a real inclus\u00e3o das pessoas com defici\u00eancia aconte\u00e7a em todas as esferas da sociedade e na garantia dos direitos humanos.&#8221;<\/p>\n<p><strong>Fonte: Contraf-CUT<\/strong><\/p>\n","protected":false},"excerpt":{"rendered":"<p>H\u00e1 32 anos, o dia 21 de setembro foi institu\u00eddo como o Dia Nacional de Luta das Pessoas com Defici\u00eancia (PcD), uma data que simboliza a constante busca por acessibilidade, emprego, educa\u00e7\u00e3o e, sobretudo, respeito \u00e0s diferen\u00e7as. Segundo dados do IBGE, 34% da popula\u00e7\u00e3o brasileira possui algum tipo de defici\u00eancia, enfrentando desafios di\u00e1rios em uma [&hellip;]<\/p>\n","protected":false},"author":2,"featured_media":15806,"comment_status":"","ping_status":"","sticky":false,"template":"","format":"standard","meta":{"footnotes":""},"categories":[3],"tags":[],"class_list":["post-15807","post","type-post","status-publish","format-standard","has-post-thumbnail","hentry","category-noticias"],"_links":{"self":[{"href":"https:\/\/hostnetart.com.br\/baixada\/wp-json\/wp\/v2\/posts\/15807","targetHints":{"allow":["GET"]}}],"collection":[{"href":"https:\/\/hostnetart.com.br\/baixada\/wp-json\/wp\/v2\/posts"}],"about":[{"href":"https:\/\/hostnetart.com.br\/baixada\/wp-json\/wp\/v2\/types\/post"}],"author":[{"embeddable":true,"href":"https:\/\/hostnetart.com.br\/baixada\/wp-json\/wp\/v2\/users\/2"}],"replies":[{"embeddable":true,"href":"https:\/\/hostnetart.com.br\/baixada\/wp-json\/wp\/v2\/comments?post=15807"}],"version-history":[{"count":0,"href":"https:\/\/hostnetart.com.br\/baixada\/wp-json\/wp\/v2\/posts\/15807\/revisions"}],"wp:featuredmedia":[{"embeddable":true,"href":"https:\/\/hostnetart.com.br\/baixada\/wp-json\/wp\/v2\/media\/15806"}],"wp:attachment":[{"href":"https:\/\/hostnetart.com.br\/baixada\/wp-json\/wp\/v2\/media?parent=15807"}],"wp:term":[{"taxonomy":"category","embeddable":true,"href":"https:\/\/hostnetart.com.br\/baixada\/wp-json\/wp\/v2\/categories?post=15807"},{"taxonomy":"post_tag","embeddable":true,"href":"https:\/\/hostnetart.com.br\/baixada\/wp-json\/wp\/v2\/tags?post=15807"}],"curies":[{"name":"wp","href":"https:\/\/api.w.org\/{rel}","templated":true}]}}