{"id":15803,"date":"2024-09-20T16:12:58","date_gmt":"2024-09-20T19:12:58","guid":{"rendered":"https:\/\/hostnetart.com.br\/baixada\/depois-de-cobranca-da-coe-bradesco-reduz-coparticipacao-em-terapias-para-pessoas-do-espectro-autista\/"},"modified":"2024-09-20T16:12:58","modified_gmt":"2024-09-20T19:12:58","slug":"depois-de-cobranca-da-coe-bradesco-reduz-coparticipacao-em-terapias-para-pessoas-do-espectro-autista","status":"publish","type":"post","link":"https:\/\/hostnetart.com.br\/baixada\/depois-de-cobranca-da-coe-bradesco-reduz-coparticipacao-em-terapias-para-pessoas-do-espectro-autista\/","title":{"rendered":"Depois de cobran\u00e7a da COE, Bradesco reduz coparticipa\u00e7\u00e3o em terapias para pessoas do espectro autista"},"content":{"rendered":"<p>Depois de diversas reclama\u00e7\u00f5es de banc\u00e1rios, pais e m\u00e3es de crian\u00e7as e pessoas do espectro autista, sobre os altos valores cobrados de coparticipa\u00e7\u00e3o para terapias, a Comiss\u00e3o de Organiza\u00e7\u00e3o dos Empregados (COE) interveio junto ao Bradesco para buscar solu\u00e7\u00f5es. Muitas fam\u00edlias cobradas pela Bradesco Sa\u00fade tiveram o comprometimento de quase a totalidade de sua renda.<\/p>\n<p>Em resposta \u00e0 solicita\u00e7\u00e3o de provid\u00eancias, o Bradesco explicou, na noite de quinta-feira (19), que inicialmente sua tabela de coparticipa\u00e7\u00e3o prev\u00ea uma cobran\u00e7a de 30% sobre consultas, terapias e exames de baixa complexidade. No entanto, reconheceu que, no caso de pessoas do espectro autista, que necessitam de uma s\u00e9rie de terapias frequentes, muitas realizadas em mais de uma sess\u00e3o semanal, os custos se tornam excessivos.<\/p>\n<p>Com isso, o banco se comprometeu a reduzir a coparticipa\u00e7\u00e3o para 15% (metade do valor original) nos pacotes de terapia para Transtorno do Espectro Autista\/TEA). Essa mudan\u00e7a passa a valer a partir do dia 1\u00ba de outubro, e \u00e9 necess\u00e1rio que o segurado informe na cl\u00ednica respons\u00e1vel pelo tratamento que ela deve enquadrar as sess\u00f5es como pacote de terapias TEA.<\/p>\n<p>Al\u00e9m disso, o banco informou que os valores j\u00e1 cobrados at\u00e9 o momento ser\u00e3o corrigidos, com a devolu\u00e7\u00e3o de 50% da coparticipa\u00e7\u00e3o realizada. O cr\u00e9dito ser\u00e1 feito automaticamente na conta dos trabalhadores no dia 27 de setembro, sem necessidade de qualquer a\u00e7\u00e3o por parte dos banc\u00e1rios. O Bradesco tamb\u00e9m se comprometeu a informar diretamente esses trabalhadores sobre a devolu\u00e7\u00e3o.<\/p>\n<p>\u201cFomos muito insistentes com o banco na resolu\u00e7\u00e3o desse problema desde o in\u00edcio das queixas dos banc\u00e1rios. Continuaremos atentos, em contato com essas pessoas, para ver se est\u00e1 tudo como o combinado. Qualquer mudan\u00e7a no comportamento, o banc\u00e1rio deve procurar o sindicato de sua base\u201d, elucidou Erica de Oliveira, coordenadora da COE.<\/p>\n<h1><strong>Empr\u00e9stimo social mantido<\/strong><\/h1>\n<p>Para os banc\u00e1rios que entraram em contato com o programa VivaBem e solicitaram o empr\u00e9stimo social para lidar com os custos elevados, o banco informou que o empr\u00e9stimo ser\u00e1 mantido, mas, mesmo assim, as corre\u00e7\u00f5es nos valores de coparticipa\u00e7\u00e3o ser\u00e3o efetuadas.<\/p>\n<p><strong>Fonte: Contraf-CUT<\/strong><\/p>\n","protected":false},"excerpt":{"rendered":"<p>Depois de diversas reclama\u00e7\u00f5es de banc\u00e1rios, pais e m\u00e3es de crian\u00e7as e pessoas do espectro autista, sobre os altos valores cobrados de coparticipa\u00e7\u00e3o para terapias, a Comiss\u00e3o de Organiza\u00e7\u00e3o dos Empregados (COE) interveio junto ao Bradesco para buscar solu\u00e7\u00f5es. Muitas fam\u00edlias cobradas pela Bradesco Sa\u00fade tiveram o comprometimento de quase a totalidade de sua renda. [&hellip;]<\/p>\n","protected":false},"author":2,"featured_media":15802,"comment_status":"","ping_status":"","sticky":false,"template":"","format":"standard","meta":{"footnotes":""},"categories":[3],"tags":[],"class_list":["post-15803","post","type-post","status-publish","format-standard","has-post-thumbnail","hentry","category-noticias"],"_links":{"self":[{"href":"https:\/\/hostnetart.com.br\/baixada\/wp-json\/wp\/v2\/posts\/15803","targetHints":{"allow":["GET"]}}],"collection":[{"href":"https:\/\/hostnetart.com.br\/baixada\/wp-json\/wp\/v2\/posts"}],"about":[{"href":"https:\/\/hostnetart.com.br\/baixada\/wp-json\/wp\/v2\/types\/post"}],"author":[{"embeddable":true,"href":"https:\/\/hostnetart.com.br\/baixada\/wp-json\/wp\/v2\/users\/2"}],"replies":[{"embeddable":true,"href":"https:\/\/hostnetart.com.br\/baixada\/wp-json\/wp\/v2\/comments?post=15803"}],"version-history":[{"count":0,"href":"https:\/\/hostnetart.com.br\/baixada\/wp-json\/wp\/v2\/posts\/15803\/revisions"}],"wp:featuredmedia":[{"embeddable":true,"href":"https:\/\/hostnetart.com.br\/baixada\/wp-json\/wp\/v2\/media\/15802"}],"wp:attachment":[{"href":"https:\/\/hostnetart.com.br\/baixada\/wp-json\/wp\/v2\/media?parent=15803"}],"wp:term":[{"taxonomy":"category","embeddable":true,"href":"https:\/\/hostnetart.com.br\/baixada\/wp-json\/wp\/v2\/categories?post=15803"},{"taxonomy":"post_tag","embeddable":true,"href":"https:\/\/hostnetart.com.br\/baixada\/wp-json\/wp\/v2\/tags?post=15803"}],"curies":[{"name":"wp","href":"https:\/\/api.w.org\/{rel}","templated":true}]}}