{"id":1580,"date":"2014-07-25T00:00:00","date_gmt":"2014-07-25T03:00:00","guid":{"rendered":"https:\/\/hostnetart.com.br\/baixada\/gerentes-da-caixa-passam-a-integrar-sipon-a-partir-do-dia-1-de-agosto\/"},"modified":"2014-07-25T00:00:00","modified_gmt":"2014-07-25T03:00:00","slug":"gerentes-da-caixa-passam-a-integrar-sipon-a-partir-do-dia-1-de-agosto","status":"publish","type":"post","link":"https:\/\/hostnetart.com.br\/baixada\/gerentes-da-caixa-passam-a-integrar-sipon-a-partir-do-dia-1-de-agosto\/","title":{"rendered":"Gerentes da Caixa passam a integrar Sipon a partir do dia 1\u00ba de agosto"},"content":{"rendered":"<p>A partir de 1\u00ba de agosto, o registro de ponto eletr\u00f4nico ser\u00e1 obrigat\u00f3rio tamb\u00e9m para os empregados lotados em unidades da Caixa Econ\u00f4mica Federal ocupantes de fun\u00e7\u00e3o gerencial. Ficam fora do Sipon apenas os gerentes gerais das ag\u00eancias e dos postos de atendimento e, no caso das Superintend\u00eancias Regionais, os gerentes regionais e os superintendentes regionais.<\/p>\n<p>\u201cEssa \u00e9 uma reivindica\u00e7\u00e3o do movimento dos trabalhadores que est\u00e1 h\u00e1 mais de 10 anos na mesa de negocia\u00e7\u00e3o permanente. Portanto, trata-se de uma vit\u00f3ria importante. Mas ainda h\u00e1 muito no que se avan\u00e7ar no que diz respeito \u00e0 jornada de trabalho e ao Sipon. A luta continua\u201d, destaca Fabiana Matheus, coordenadora da Comiss\u00e3o Executiva dos Empregados (CEE\/Caixa), que assessora a Contraf-CUT nas negocia\u00e7\u00f5es com o banco.<\/p>\n<p>\u201cCom a obrigatoriedade do registro de ponto eletr\u00f4nico, os ocupantes de fun\u00e7\u00e3o gerencial ter\u00e3o respeitada a jornada e, nos casos em que ela for extrapolada, v\u00e3o receber horas extras\u201d, salienta Fabiana, que \u00e9 tamb\u00e9m diretora de Administra\u00e7\u00e3o e Finan\u00e7as da Fenae.<\/p>\n<p>Fonte: Contraf-CUT com Fenae<\/p>\n","protected":false},"excerpt":{"rendered":"<p>A partir de 1\u00ba de agosto, o registro de ponto eletr\u00f4nico ser\u00e1 obrigat\u00f3rio tamb\u00e9m para os empregados lotados em unidades da Caixa Econ\u00f4mica Federal ocupantes de fun\u00e7\u00e3o gerencial. Ficam fora do Sipon apenas os gerentes gerais das ag\u00eancias e dos postos de atendimento e, no caso das Superintend\u00eancias Regionais, os gerentes regionais e os superintendentes [&hellip;]<\/p>\n","protected":false},"author":1,"featured_media":1579,"comment_status":"","ping_status":"","sticky":false,"template":"","format":"standard","meta":{"footnotes":""},"categories":[3],"tags":[],"class_list":["post-1580","post","type-post","status-publish","format-standard","has-post-thumbnail","hentry","category-noticias"],"_links":{"self":[{"href":"https:\/\/hostnetart.com.br\/baixada\/wp-json\/wp\/v2\/posts\/1580","targetHints":{"allow":["GET"]}}],"collection":[{"href":"https:\/\/hostnetart.com.br\/baixada\/wp-json\/wp\/v2\/posts"}],"about":[{"href":"https:\/\/hostnetart.com.br\/baixada\/wp-json\/wp\/v2\/types\/post"}],"author":[{"embeddable":true,"href":"https:\/\/hostnetart.com.br\/baixada\/wp-json\/wp\/v2\/users\/1"}],"replies":[{"embeddable":true,"href":"https:\/\/hostnetart.com.br\/baixada\/wp-json\/wp\/v2\/comments?post=1580"}],"version-history":[{"count":0,"href":"https:\/\/hostnetart.com.br\/baixada\/wp-json\/wp\/v2\/posts\/1580\/revisions"}],"wp:featuredmedia":[{"embeddable":true,"href":"https:\/\/hostnetart.com.br\/baixada\/wp-json\/wp\/v2\/media\/1579"}],"wp:attachment":[{"href":"https:\/\/hostnetart.com.br\/baixada\/wp-json\/wp\/v2\/media?parent=1580"}],"wp:term":[{"taxonomy":"category","embeddable":true,"href":"https:\/\/hostnetart.com.br\/baixada\/wp-json\/wp\/v2\/categories?post=1580"},{"taxonomy":"post_tag","embeddable":true,"href":"https:\/\/hostnetart.com.br\/baixada\/wp-json\/wp\/v2\/tags?post=1580"}],"curies":[{"name":"wp","href":"https:\/\/api.w.org\/{rel}","templated":true}]}}