{"id":15795,"date":"2024-09-17T13:51:13","date_gmt":"2024-09-17T16:51:13","guid":{"rendered":"https:\/\/hostnetart.com.br\/baixada\/categoria-bancaria-injetara-r-86-5-bilhoes-na-economia-do-pais-entre-2024-e-2025\/"},"modified":"2024-09-17T13:51:13","modified_gmt":"2024-09-17T16:51:13","slug":"categoria-bancaria-injetara-r-86-5-bilhoes-na-economia-do-pais-entre-2024-e-2025","status":"publish","type":"post","link":"https:\/\/hostnetart.com.br\/baixada\/categoria-bancaria-injetara-r-86-5-bilhoes-na-economia-do-pais-entre-2024-e-2025\/","title":{"rendered":"Categoria banc\u00e1ria injetar\u00e1 R$ 86,5 bilh\u00f5es na economia do pa\u00eds entre 2024 e 2025"},"content":{"rendered":"<p>A categoria banc\u00e1ria injetar\u00e1 R$ 86,5 bilh\u00f5es na economia do pa\u00eds a partir de setembro deste ano at\u00e9 agosto de 2025, montante resultado de\u00a0<a href=\"https:\/\/contrafcut.com.br\/noticias\/trabalhadores-assinam-cct-e-act-do-bb-com-vigencia-ate-2026\/\">conquistas da Conven\u00e7\u00e3o Coletiva de Trabalho (CCT)\u00a0<\/a>obtidas em mesa de negocia\u00e7\u00f5es entre a categoria banc\u00e1ria e os bancos.<\/p>\n<p>Do total deste valor, R$ 12,7 bilh\u00f5es correspondem ao reajuste de 4,64% sobre os sal\u00e1rios, vales refei\u00e7\u00e3o e alimenta\u00e7\u00e3o e PLR, obtido na campanha deste ano e com validade de renova\u00e7\u00e3o da CCT 2024-2026. \u201cO importante tamb\u00e9m \u00e9 sair da campanha garantindo a manuten\u00e7\u00e3o da Conven\u00e7\u00e3o Coletiva de Trabalho para todos, al\u00e9m de preservar e ampliar direitos,\u201d avalia a presidenta da Confedera\u00e7\u00e3o Nacional dos Trabalhadores e Trabalhadoras do Ramo Financeiro, Juvandia Moreira. \u201cPor meio do reajuste aos trabalhadores do setor, obtidas com mobiliza\u00e7\u00e3o sindical, a categoria contribui para a economia. Porque \u00e9 o dinheiro no bolso do trabalhador e da trabalhadora que movimenta o com\u00e9rcio e a ind\u00fastria&#8221;, completa.<\/p>\n<p>Considerando apenas os sal\u00e1rios, o reajuste representa um acr\u00e9scimo de R$ 2,95 bilh\u00f5es para uma massa salarial anual da categoria de R$ 66,5 bilh\u00f5es.<\/p>\n<p>As conquistas para a PLR injetar\u00e3o por volta de R$ 9,2 bilh\u00f5es at\u00e9 mar\u00e7o de 2025, sendo que R$ 4,3 bilh\u00f5es deste total j\u00e1 est\u00e3o sendo distribu\u00eddos na antecipa\u00e7\u00e3o da PLR neste m\u00eas de setembro.<\/p>\n<p>J\u00e1 o reajuste nos vales alimenta\u00e7\u00e3o e refei\u00e7\u00e3o representam R$ 474,5 milh\u00f5es a mais no total desses direitos que somam R$ 10,7 bilh\u00f5es recebidos anualmente pela categoria.<\/p>\n<p>Ainda segundo o Dieese, desta vez considerando todos os setores econ\u00f4micos, as negocia\u00e7\u00f5es coletivas do pa\u00eds trazem um ganho adicional m\u00e9dio de R$ 250 bilh\u00f5es por ano para o bolso dos trabalhadores e trabalhadoras.\u00a0<\/p>\n<p>&#8220;As negocia\u00e7\u00f5es coletivas, organizadas via a\u00e7\u00e3o sindical, s\u00e3o mecanismos fundamentais na correla\u00e7\u00e3o de for\u00e7as entre trabalhadores e empresas. N\u00e3o apenas promovem avan\u00e7os na recomposi\u00e7\u00e3o salarial como tamb\u00e9m funcionam como mecanismos para a desconcentra\u00e7\u00e3o de renda&#8221;, completa Juvandia Moreira.<\/p>\n<p><strong>Fonte: Contraf-CUT<\/strong><\/p>\n","protected":false},"excerpt":{"rendered":"<p>A categoria banc\u00e1ria injetar\u00e1 R$ 86,5 bilh\u00f5es na economia do pa\u00eds a partir de setembro deste ano at\u00e9 agosto de 2025, montante resultado de\u00a0conquistas da Conven\u00e7\u00e3o Coletiva de Trabalho (CCT)\u00a0obtidas em mesa de negocia\u00e7\u00f5es entre a categoria banc\u00e1ria e os bancos. Do total deste valor, R$ 12,7 bilh\u00f5es correspondem ao reajuste de 4,64% sobre os [&hellip;]<\/p>\n","protected":false},"author":2,"featured_media":15794,"comment_status":"","ping_status":"","sticky":false,"template":"","format":"standard","meta":{"footnotes":""},"categories":[3],"tags":[],"class_list":["post-15795","post","type-post","status-publish","format-standard","has-post-thumbnail","hentry","category-noticias"],"_links":{"self":[{"href":"https:\/\/hostnetart.com.br\/baixada\/wp-json\/wp\/v2\/posts\/15795","targetHints":{"allow":["GET"]}}],"collection":[{"href":"https:\/\/hostnetart.com.br\/baixada\/wp-json\/wp\/v2\/posts"}],"about":[{"href":"https:\/\/hostnetart.com.br\/baixada\/wp-json\/wp\/v2\/types\/post"}],"author":[{"embeddable":true,"href":"https:\/\/hostnetart.com.br\/baixada\/wp-json\/wp\/v2\/users\/2"}],"replies":[{"embeddable":true,"href":"https:\/\/hostnetart.com.br\/baixada\/wp-json\/wp\/v2\/comments?post=15795"}],"version-history":[{"count":0,"href":"https:\/\/hostnetart.com.br\/baixada\/wp-json\/wp\/v2\/posts\/15795\/revisions"}],"wp:featuredmedia":[{"embeddable":true,"href":"https:\/\/hostnetart.com.br\/baixada\/wp-json\/wp\/v2\/media\/15794"}],"wp:attachment":[{"href":"https:\/\/hostnetart.com.br\/baixada\/wp-json\/wp\/v2\/media?parent=15795"}],"wp:term":[{"taxonomy":"category","embeddable":true,"href":"https:\/\/hostnetart.com.br\/baixada\/wp-json\/wp\/v2\/categories?post=15795"},{"taxonomy":"post_tag","embeddable":true,"href":"https:\/\/hostnetart.com.br\/baixada\/wp-json\/wp\/v2\/tags?post=15795"}],"curies":[{"name":"wp","href":"https:\/\/api.w.org\/{rel}","templated":true}]}}