{"id":15787,"date":"2024-09-13T19:21:17","date_gmt":"2024-09-13T22:21:17","guid":{"rendered":"https:\/\/hostnetart.com.br\/baixada\/nova-assembleia-caixa\/"},"modified":"2024-09-13T19:21:17","modified_gmt":"2024-09-13T22:21:17","slug":"nova-assembleia-caixa","status":"publish","type":"post","link":"https:\/\/hostnetart.com.br\/baixada\/nova-assembleia-caixa\/","title":{"rendered":"NOVA ASSEMBLEIA &#8211; CAIXA"},"content":{"rendered":"<p>O <b>Sindicato dos Banc\u00e1rios da Baixada Fluminense convoca<\/b> todas as trabalhadoras e os <b>trabalhadores da Caixa<\/b> Econ\u00f4mica Federal de sua base, para <b>assembleia<\/b> extraordin\u00e1ria a ser realizada no dia <b>16 de setembro<\/b>, segunda-feira, \u00e0s 9 horas.<\/p>\n<p>A assembleia ocorrer\u00e1, de forma <b>presencial<\/b>, na Sede do Sindicato (Rua Prof Henrique Ferreira Gomes, 179 &#8211; Duque de Caxias), e <b>ir\u00e1 deliberar sobre<\/b>:<\/p>\n<p>1- <i>A proposta de aprova\u00e7\u00e3o e renova\u00e7\u00e3o do Acordo Coletivo de Trabalho, apresentada pela Caixa Econ\u00f4mica Federal<\/i>;<\/p>\n<p>2- <i>Desconto a ser feito nos sal\u00e1rios dos empregados, em raz\u00e3o da contrata\u00e7\u00e3o a ser realizada (desconto assistencial e taxa negocial)<\/i>.<\/p>\n<p><b>IMPORTANTE<\/b><\/p>\n<p>A assembleia foi um pedido, formal, proveniente dos funcion\u00e1rios e funcion\u00e1rias da Caixa que enviaram um documento ao Sindicato, fazendo essa solicita\u00e7\u00e3o.<\/p>\n<p>Al\u00e9m disso, o hor\u00e1rio &#8211; 9h &#8211; \u00e9 em raz\u00e3o da assinatura do Acordo Coletivo de Trabalho (ACT) ser realizada na segunda-feira (16\/9), em S\u00e3o Paulo, na parte da tarde, a partir das 14 horas.<\/p>\n","protected":false},"excerpt":{"rendered":"<p>O Sindicato dos Banc\u00e1rios da Baixada Fluminense convoca todas as trabalhadoras e os trabalhadores da Caixa Econ\u00f4mica Federal de sua base, para assembleia extraordin\u00e1ria a ser realizada no dia 16 de setembro, segunda-feira, \u00e0s 9 horas. A assembleia ocorrer\u00e1, de forma presencial, na Sede do Sindicato (Rua Prof Henrique Ferreira Gomes, 179 &#8211; Duque de [&hellip;]<\/p>\n","protected":false},"author":2,"featured_media":15786,"comment_status":"","ping_status":"","sticky":false,"template":"","format":"standard","meta":{"footnotes":""},"categories":[3],"tags":[],"class_list":["post-15787","post","type-post","status-publish","format-standard","has-post-thumbnail","hentry","category-noticias"],"_links":{"self":[{"href":"https:\/\/hostnetart.com.br\/baixada\/wp-json\/wp\/v2\/posts\/15787","targetHints":{"allow":["GET"]}}],"collection":[{"href":"https:\/\/hostnetart.com.br\/baixada\/wp-json\/wp\/v2\/posts"}],"about":[{"href":"https:\/\/hostnetart.com.br\/baixada\/wp-json\/wp\/v2\/types\/post"}],"author":[{"embeddable":true,"href":"https:\/\/hostnetart.com.br\/baixada\/wp-json\/wp\/v2\/users\/2"}],"replies":[{"embeddable":true,"href":"https:\/\/hostnetart.com.br\/baixada\/wp-json\/wp\/v2\/comments?post=15787"}],"version-history":[{"count":0,"href":"https:\/\/hostnetart.com.br\/baixada\/wp-json\/wp\/v2\/posts\/15787\/revisions"}],"wp:featuredmedia":[{"embeddable":true,"href":"https:\/\/hostnetart.com.br\/baixada\/wp-json\/wp\/v2\/media\/15786"}],"wp:attachment":[{"href":"https:\/\/hostnetart.com.br\/baixada\/wp-json\/wp\/v2\/media?parent=15787"}],"wp:term":[{"taxonomy":"category","embeddable":true,"href":"https:\/\/hostnetart.com.br\/baixada\/wp-json\/wp\/v2\/categories?post=15787"},{"taxonomy":"post_tag","embeddable":true,"href":"https:\/\/hostnetart.com.br\/baixada\/wp-json\/wp\/v2\/tags?post=15787"}],"curies":[{"name":"wp","href":"https:\/\/api.w.org\/{rel}","templated":true}]}}