{"id":15784,"date":"2024-09-13T17:45:03","date_gmt":"2024-09-13T20:45:03","guid":{"rendered":"https:\/\/hostnetart.com.br\/baixada\/mais-um-funcionario-do-itau-e-reintegrado-pelo-sindicato-dos-bancarios-da-baixada-fluminense-3\/"},"modified":"2024-09-13T17:45:03","modified_gmt":"2024-09-13T20:45:03","slug":"mais-um-funcionario-do-itau-e-reintegrado-pelo-sindicato-dos-bancarios-da-baixada-fluminense-3","status":"publish","type":"post","link":"https:\/\/hostnetart.com.br\/baixada\/mais-um-funcionario-do-itau-e-reintegrado-pelo-sindicato-dos-bancarios-da-baixada-fluminense-3\/","title":{"rendered":"Mais um funcion\u00e1rio do Ita\u00fa \u00e9 reintegrado pelo Sindicato dos Banc\u00e1rios da Baixada Fluminense"},"content":{"rendered":"<p>\u00a0<\/p>\n<p>O Sindicato dos Banc\u00e1rios da Baixada Fluminense segue reintegrando banc\u00e1rios demitidos pelos bancos.<\/p>\n<p>E, nesta quinta-feira, 12 de setembro, mais um funcion\u00e1rio do Banco Ita\u00fa teve sua dignidade restabelecida.<\/p>\n<p>Cosme Oliveira da Silva havia sido demitido de forma injusta, pois estava acometido de doen\u00e7a ocupacional, mas teve deferido, pelo INSS, o benef\u00edcio previdenci\u00e1rio por acidente de trabalho B-91.<\/p>\n<p>Ap\u00f3s sua demiss\u00e3o, o banc\u00e1rio, que \u00e9 sindicalizado, procurou atendimento no Sindicato dos Banc\u00e1rios da Baixada Fluminense, onde foi prontamente atendido pelo Departamento Jur\u00eddico, atrav\u00e9s do advogado Luiz Paulo, do Escrit\u00f3rio Baptista &amp; Reis Advogados Associados, e pelo Departamento de Sa\u00fade.<\/p>\n<p>Ap\u00f3s decis\u00e3o da justi\u00e7a, o Sindicato garantiu sua reintegra\u00e7\u00e3o.<\/p>\n<p><strong>IMPORTANTE<\/strong><\/p>\n<p>\u00c9 fundamental que banc\u00e1rias e banc\u00e1rios, logo que sejam informados de suas demiss\u00f5es, procurem imediatamente atendimento no Sindicato.<\/p>\n<p><b>ATENDIMENTO JUR\u00cdDICO PRESENCIAL<\/b><\/p>\n<p>Nova Igua\u00e7u\u00a0&#8211; \u00e0s\u00a0<em><strong>ter\u00e7as-feiras<\/strong><\/em>, das 11 horas <span dir=\"ltr\">\u00e0 13 horas<\/span> e das 14 horas \u00e0s 17 horas (telefone: <span dir=\"ltr\">21 \/ 2658-8041<\/span>)<\/p>\n<p>Duque de Caxias\u00a0&#8211; \u00e0s\u00a0<strong><em>quintas-feiras<\/em><\/strong>, das 10 horas \u00e0s 13 horas (telefone: <span dir=\"ltr\">21 \/ 26710-110<\/span>)<\/p>\n<p><b>SINDICALIZE-SE!<\/b><\/p>\n","protected":false},"excerpt":{"rendered":"<p>\u00a0 O Sindicato dos Banc\u00e1rios da Baixada Fluminense segue reintegrando banc\u00e1rios demitidos pelos bancos. E, nesta quinta-feira, 12 de setembro, mais um funcion\u00e1rio do Banco Ita\u00fa teve sua dignidade restabelecida. Cosme Oliveira da Silva havia sido demitido de forma injusta, pois estava acometido de doen\u00e7a ocupacional, mas teve deferido, pelo INSS, o benef\u00edcio previdenci\u00e1rio por [&hellip;]<\/p>\n","protected":false},"author":2,"featured_media":15783,"comment_status":"","ping_status":"","sticky":false,"template":"","format":"standard","meta":{"footnotes":""},"categories":[3],"tags":[],"class_list":["post-15784","post","type-post","status-publish","format-standard","has-post-thumbnail","hentry","category-noticias"],"_links":{"self":[{"href":"https:\/\/hostnetart.com.br\/baixada\/wp-json\/wp\/v2\/posts\/15784","targetHints":{"allow":["GET"]}}],"collection":[{"href":"https:\/\/hostnetart.com.br\/baixada\/wp-json\/wp\/v2\/posts"}],"about":[{"href":"https:\/\/hostnetart.com.br\/baixada\/wp-json\/wp\/v2\/types\/post"}],"author":[{"embeddable":true,"href":"https:\/\/hostnetart.com.br\/baixada\/wp-json\/wp\/v2\/users\/2"}],"replies":[{"embeddable":true,"href":"https:\/\/hostnetart.com.br\/baixada\/wp-json\/wp\/v2\/comments?post=15784"}],"version-history":[{"count":0,"href":"https:\/\/hostnetart.com.br\/baixada\/wp-json\/wp\/v2\/posts\/15784\/revisions"}],"wp:featuredmedia":[{"embeddable":true,"href":"https:\/\/hostnetart.com.br\/baixada\/wp-json\/wp\/v2\/media\/15783"}],"wp:attachment":[{"href":"https:\/\/hostnetart.com.br\/baixada\/wp-json\/wp\/v2\/media?parent=15784"}],"wp:term":[{"taxonomy":"category","embeddable":true,"href":"https:\/\/hostnetart.com.br\/baixada\/wp-json\/wp\/v2\/categories?post=15784"},{"taxonomy":"post_tag","embeddable":true,"href":"https:\/\/hostnetart.com.br\/baixada\/wp-json\/wp\/v2\/tags?post=15784"}],"curies":[{"name":"wp","href":"https:\/\/api.w.org\/{rel}","templated":true}]}}