{"id":15782,"date":"2024-09-13T15:24:37","date_gmt":"2024-09-13T18:24:37","guid":{"rendered":"https:\/\/hostnetart.com.br\/baixada\/bradesco-anuncia-pagamento-da-plr-para-o-dia-20-de-setembro\/"},"modified":"2024-09-13T15:24:37","modified_gmt":"2024-09-13T18:24:37","slug":"bradesco-anuncia-pagamento-da-plr-para-o-dia-20-de-setembro","status":"publish","type":"post","link":"https:\/\/hostnetart.com.br\/baixada\/bradesco-anuncia-pagamento-da-plr-para-o-dia-20-de-setembro\/","title":{"rendered":"Bradesco anuncia pagamento da PLR para o dia 20 de setembro"},"content":{"rendered":"<\/p>\n<p>O Bradesco atendeu a reivindica\u00e7\u00e3o da Confedera\u00e7\u00e3o Nacional dos Trabalhadores do Ramo Financeiro (Contraf-CUT) e anunciou a antecipa\u00e7\u00e3o do pagamento da primeira parcela da Participa\u00e7\u00e3o nos Lucros e Resultados (PLR) para o pr\u00f3ximo dia 20 de setembro.<\/p>\n<p>Para Erica Oliveira, coordenadora da Comiss\u00e3o de Organiza\u00e7\u00e3o dos Empregados (COE) do Bradesco, o pagamento da PLR \u00e9 uma conquista fundamental para os funcion\u00e1rios. \u201cEssa \u00e9 uma vit\u00f3ria importante para os trabalhadores do Bradesco. O pagamento da PLR \u00e9 fruto do nosso trabalho \u00e1rduo e dedica\u00e7\u00e3o, e \u00e9 um direito que foi conquistado e precisa ser valorizado. Seguimos firmes na luta para garantir que todos os banc\u00e1rios sejam devidamente reconhecidos e respeitados pela sua contribui\u00e7\u00e3o para o crescimento do banco,\u201d ressaltou.<\/p>\n<p>A PLR dos banc\u00e1rios \u00e9 definida pela CCT (Conven\u00e7\u00e3o Coletiva de Trabalho) 2024\/2026, onde est\u00e1 detalhada a regra para o pagamento, a f\u00f3rmula de c\u00e1lculo, quem deve receber, as datas de pagamento etc. O seu valor \u00e9 determinado pelo lucro anual do banco e o pagamento \u00e9 efetuado em duas parcelas, a primeira sendo creditada at\u00e9 30 de setembro (antecipa\u00e7\u00e3o), e a segunda at\u00e9 1\u00ba de mar\u00e7o do ano seguinte, quando o lucro do Santander j\u00e1 est\u00e1 consolidado.<\/p>\n<p>A f\u00f3rmula da primeira parcela\/antecipa\u00e7\u00e3o da PLR dos banc\u00e1rios corresponde a \u201c54% do sal\u00e1rio + valor fixo de R$ 2.005,82\u201d, Regra B\u00e1sica de antecipa\u00e7\u00e3o, mais o valor da Parcela Adicional, que representa a distribui\u00e7\u00e3o de 2,2% do Lucro L\u00edquido de forma linear, que no caso do Bradesco, est\u00e1 estimado em R$ 2.598,32.<\/p>\n<p>No valor fixo, j\u00e1 incide o reajuste de 4,64% conquistados na Campanha Nacional dos Banc\u00e1rios 2024.<\/p>\n<p><strong>Fonte: Contraf-CUT<\/strong><\/p>\n","protected":false},"excerpt":{"rendered":"<p>O Bradesco atendeu a reivindica\u00e7\u00e3o da Confedera\u00e7\u00e3o Nacional dos Trabalhadores do Ramo Financeiro (Contraf-CUT) e anunciou a antecipa\u00e7\u00e3o do pagamento da primeira parcela da Participa\u00e7\u00e3o nos Lucros e Resultados (PLR) para o pr\u00f3ximo dia 20 de setembro. Para Erica Oliveira, coordenadora da Comiss\u00e3o de Organiza\u00e7\u00e3o dos Empregados (COE) do Bradesco, o pagamento da PLR \u00e9 [&hellip;]<\/p>\n","protected":false},"author":2,"featured_media":15781,"comment_status":"","ping_status":"","sticky":false,"template":"","format":"standard","meta":{"footnotes":""},"categories":[3],"tags":[],"class_list":["post-15782","post","type-post","status-publish","format-standard","has-post-thumbnail","hentry","category-noticias"],"_links":{"self":[{"href":"https:\/\/hostnetart.com.br\/baixada\/wp-json\/wp\/v2\/posts\/15782","targetHints":{"allow":["GET"]}}],"collection":[{"href":"https:\/\/hostnetart.com.br\/baixada\/wp-json\/wp\/v2\/posts"}],"about":[{"href":"https:\/\/hostnetart.com.br\/baixada\/wp-json\/wp\/v2\/types\/post"}],"author":[{"embeddable":true,"href":"https:\/\/hostnetart.com.br\/baixada\/wp-json\/wp\/v2\/users\/2"}],"replies":[{"embeddable":true,"href":"https:\/\/hostnetart.com.br\/baixada\/wp-json\/wp\/v2\/comments?post=15782"}],"version-history":[{"count":0,"href":"https:\/\/hostnetart.com.br\/baixada\/wp-json\/wp\/v2\/posts\/15782\/revisions"}],"wp:featuredmedia":[{"embeddable":true,"href":"https:\/\/hostnetart.com.br\/baixada\/wp-json\/wp\/v2\/media\/15781"}],"wp:attachment":[{"href":"https:\/\/hostnetart.com.br\/baixada\/wp-json\/wp\/v2\/media?parent=15782"}],"wp:term":[{"taxonomy":"category","embeddable":true,"href":"https:\/\/hostnetart.com.br\/baixada\/wp-json\/wp\/v2\/categories?post=15782"},{"taxonomy":"post_tag","embeddable":true,"href":"https:\/\/hostnetart.com.br\/baixada\/wp-json\/wp\/v2\/tags?post=15782"}],"curies":[{"name":"wp","href":"https:\/\/api.w.org\/{rel}","templated":true}]}}