{"id":15780,"date":"2024-09-13T15:22:52","date_gmt":"2024-09-13T18:22:52","guid":{"rendered":"https:\/\/hostnetart.com.br\/baixada\/pagamento-da-plr-aos-funcionarios-do-banco-do-brasil-sera-realizado-nesta-sexta-feira-13\/"},"modified":"2024-09-13T15:22:52","modified_gmt":"2024-09-13T18:22:52","slug":"pagamento-da-plr-aos-funcionarios-do-banco-do-brasil-sera-realizado-nesta-sexta-feira-13","status":"publish","type":"post","link":"https:\/\/hostnetart.com.br\/baixada\/pagamento-da-plr-aos-funcionarios-do-banco-do-brasil-sera-realizado-nesta-sexta-feira-13\/","title":{"rendered":"Pagamento da PLR aos funcion\u00e1rios do Banco do Brasil ser\u00e1 realizado nesta sexta-feira (13)"},"content":{"rendered":"<\/p>\n<p>Com a assinatura do Acordo Coletivo de Trabalho (ACT) com o Banco do Brasil, funcion\u00e1rias e funcion\u00e1rios do banco p\u00fablico das bases onde o ACT foi assinado no dia 10\/09 receber\u00e3o o pagamento da Participa\u00e7\u00e3o nos Lucros e Resultados (PLR) nesta sexta-feira, dia 13. Os valores ser\u00e3o proporcionais ao crescimento do lucro, que atingiu R$ 18,80 bilh\u00f5es no primeiro semestre, e j\u00e1 refletem o novo teto anual de sete sal\u00e1rios.<\/p>\n<p>\u201cConforme proposta apresentada e aprovada pela maioria das bases, o pagamento da PLR do BB acontecer\u00e1 hoje. \u00c9 sempre importante lembrar que o lucro \u00e9 fruto de muito esfor\u00e7o de cada um dos funcion\u00e1rios e funcion\u00e1rias do banco\u201d, afirmou a coordenadora da Comiss\u00e3o de Empresa dos Funcion\u00e1rios do Banco do Brasil (CNFBB), Fernanda Lopes.<\/p>\n<p>No Banco do Brasil, o c\u00e1lculo da PLR \u00e9 realizado com base nos m\u00f3dulos Fenaban e BB. Pelo m\u00f3dulo Fenaban, os funcion\u00e1rios recebem 45% do sal\u00e1rio paradigma estipulado no acordo, acrescido de uma parcela fixa. J\u00e1 no m\u00f3dulo BB, h\u00e1 uma distribui\u00e7\u00e3o linear de 4% do lucro do banco entre os funcion\u00e1rios, al\u00e9m de uma parcela vari\u00e1vel.<\/p>\n<p>Na parcela de PLR a ser paga agora, poder\u00e1 ocorrer um novo desconto de Imposto de Renda (IR) na fonte. O c\u00e1lculo considera o valor total recebido de PLR no ano, somando as duas parcelas. Do imposto a ser descontado no segundo semestre, ser\u00e1 deduzido o valor j\u00e1 retido na PLR paga em 1\u00ba de mar\u00e7o de 2024.<\/p>\n<p><strong>Veja abaixo a tabela com os valores:<\/strong><\/p>\n<section class=\"block__image\">\n<div class=\"container block__image-container--xl\"><img decoding=\"async\" contenteditable=\"false\" src=\"https:\/\/contrafcut.com.br\/data\/files\/7E\/45\/9C\/B9\/DCBE1910A7809E19820808A8\/WhatsApp%20Image%202024-09-13%20at%2011.23.25.jpeg\" srcset=\"https:\/\/contrafcut.com.br\/data\/files\/7E\/45\/9C\/B9\/DCBE1910A7809E19820808A8\/img_WhatsApp%20Image%202024-09-13%20at%2011.23.25_gd.webp 640w, https:\/\/contrafcut.com.br\/data\/files\/7E\/45\/9C\/B9\/DCBE1910A7809E19820808A8\/img_WhatsApp%20Image%202024-09-13%20at%2011.23.25_md.webp 480w, https:\/\/contrafcut.com.br\/data\/files\/7E\/45\/9C\/B9\/DCBE1910A7809E19820808A8\/img_WhatsApp%20Image%202024-09-13%20at%2011.23.25_pq.webp 320w, https:\/\/contrafcut.com.br\/data\/files\/7E\/45\/9C\/B9\/DCBE1910A7809E19820808A8\/WhatsApp%20Image%202024-09-13%20at%2011.23.25.jpeg\" alt=\"Texto descritivo da imagem aqui\" \/><\/div>\n<\/section>\n<section class=\"block__body\">\n<div class=\"container\">\n<h2 contenteditable=\"false\">Isen\u00e7\u00e3o de IR<\/h2>\n<div contenteditable=\"false\">\n<p>Desde 2013, ap\u00f3s a san\u00e7\u00e3o do governo Dilma, a PLR possui uma tabela de tributa\u00e7\u00e3o exclusiva, que oferece um valor de isen\u00e7\u00e3o significativamente maior em compara\u00e7\u00e3o aos rendimentos salariais. Em 2023, houve um avan\u00e7o importante com o governo Lula, que aumentou a faixa de isen\u00e7\u00e3o de R$ 6.677,55 para os atuais R$ 7.407,11. Confira a tabela abaixo.<\/p>\n<p>A Contraf-CUT defende a isen\u00e7\u00e3o total de IR sobre a PLR e apoia o Projeto de Lei (PL) 581\/2019, j\u00e1 aprovado no Senado e aguardando vota\u00e7\u00e3o na C\u00e2mara dos Deputados. O governo Lula tamb\u00e9m \u00e9 favor\u00e1vel \u00e0 medida e atua para garantir a isen\u00e7\u00e3o do Imposto de Renda sobre a Participa\u00e7\u00e3o nos Lucros e Resultados (PLR) para os trabalhadores.<\/p>\n<\/div>\n<\/div>\n<\/section>\n<p><strong>Fonte: Contraf-CUT<\/strong><\/p>\n","protected":false},"excerpt":{"rendered":"<p>Com a assinatura do Acordo Coletivo de Trabalho (ACT) com o Banco do Brasil, funcion\u00e1rias e funcion\u00e1rios do banco p\u00fablico das bases onde o ACT foi assinado no dia 10\/09 receber\u00e3o o pagamento da Participa\u00e7\u00e3o nos Lucros e Resultados (PLR) nesta sexta-feira, dia 13. Os valores ser\u00e3o proporcionais ao crescimento do lucro, que atingiu R$ [&hellip;]<\/p>\n","protected":false},"author":2,"featured_media":15779,"comment_status":"","ping_status":"","sticky":false,"template":"","format":"standard","meta":{"footnotes":""},"categories":[3],"tags":[],"class_list":["post-15780","post","type-post","status-publish","format-standard","has-post-thumbnail","hentry","category-noticias"],"_links":{"self":[{"href":"https:\/\/hostnetart.com.br\/baixada\/wp-json\/wp\/v2\/posts\/15780","targetHints":{"allow":["GET"]}}],"collection":[{"href":"https:\/\/hostnetart.com.br\/baixada\/wp-json\/wp\/v2\/posts"}],"about":[{"href":"https:\/\/hostnetart.com.br\/baixada\/wp-json\/wp\/v2\/types\/post"}],"author":[{"embeddable":true,"href":"https:\/\/hostnetart.com.br\/baixada\/wp-json\/wp\/v2\/users\/2"}],"replies":[{"embeddable":true,"href":"https:\/\/hostnetart.com.br\/baixada\/wp-json\/wp\/v2\/comments?post=15780"}],"version-history":[{"count":0,"href":"https:\/\/hostnetart.com.br\/baixada\/wp-json\/wp\/v2\/posts\/15780\/revisions"}],"wp:featuredmedia":[{"embeddable":true,"href":"https:\/\/hostnetart.com.br\/baixada\/wp-json\/wp\/v2\/media\/15779"}],"wp:attachment":[{"href":"https:\/\/hostnetart.com.br\/baixada\/wp-json\/wp\/v2\/media?parent=15780"}],"wp:term":[{"taxonomy":"category","embeddable":true,"href":"https:\/\/hostnetart.com.br\/baixada\/wp-json\/wp\/v2\/categories?post=15780"},{"taxonomy":"post_tag","embeddable":true,"href":"https:\/\/hostnetart.com.br\/baixada\/wp-json\/wp\/v2\/tags?post=15780"}],"curies":[{"name":"wp","href":"https:\/\/api.w.org\/{rel}","templated":true}]}}