{"id":1578,"date":"2013-10-09T00:00:00","date_gmt":"2013-10-09T03:00:00","guid":{"rendered":"https:\/\/hostnetart.com.br\/baixada\/vigilantes-apoiam-greve-e-se-colocam-a-disposicao-dos-bancarios\/"},"modified":"2013-10-09T00:00:00","modified_gmt":"2013-10-09T03:00:00","slug":"vigilantes-apoiam-greve-e-se-colocam-a-disposicao-dos-bancarios","status":"publish","type":"post","link":"https:\/\/hostnetart.com.br\/baixada\/vigilantes-apoiam-greve-e-se-colocam-a-disposicao-dos-bancarios\/","title":{"rendered":"Vigilantes apoiam greve e se colocam \u00e0 disposi\u00e7\u00e3o dos banc\u00e1rios"},"content":{"rendered":"<p>A Contraf-CUT recebeu nesta ter\u00e7a-feira (8) uma mensagem de apoio \u00e0 greve nacional dos banc\u00e1rios enviada pela Confedera\u00e7\u00e3o Nacional dos Trabalhadores Vigilantes (CNTV), entidade que representa uma categoria que tem sido importante parceira dos banc\u00e1rios nas lutas por seguran\u00e7a, prote\u00e7\u00e3o da vida das pessoas e defesa dos direitos da classe trabalhadora.<\/p>\n<p>\u00a0<\/p>\n<p>\u201cQueremos n\u00e3o somente reafirmar o apoio dos vigilantes, atrav\u00e9s da Confedera\u00e7\u00e3o Nacional, das Federa\u00e7\u00f5es, dos Sindicatos e dos vigilantes em cada ag\u00eancia ou posto de atendimento banc\u00e1rio \u00e0 luta de todos os banc\u00e1rios e de todas as banc\u00e1rias, mas tamb\u00e9m conclamar a toda a nossa categoria a expressar de todas as formas este apoio, a colabora\u00e7\u00e3o e a a\u00e7\u00e3o efetiva para a vit\u00f3ria dos trabalhadores e a derrota da intransig\u00eancia e da arrog\u00e2ncia dos banqueiros\u201d, afirma o presidente da CNTV, Jos\u00e9 Boaventura Santos.<\/p>\n<p>\u00a0<\/p>\n<p>Veja a \u00edntegra da mensagem da CNTV:<\/p>\n<p>\u00a0<\/p>\n<p>\u00a0<\/p>\n<p><strong>VIGILANTES COM OS BANC\u00c1RIOS PARA<br \/>DERROTAR A INTRANSIG\u00caNCIA DOS BANQUEIROS<\/strong><\/p>\n<p>\u00a0<\/p>\n<p>Se vigilantes e banc\u00e1rios s\u00e3o as primeiras v\u00edtimas da viol\u00eancia nas ag\u00eancias, do descaso e descompromisso dos patr\u00f5es de bancos e de empresas de vigil\u00e2ncia com a vida; das pol\u00edticas de demiss\u00f5es dos bancos e dos calotes das empresas de seguran\u00e7a; dos abusos e discrimina\u00e7\u00e3o, hoje somos mais parceiros na luta e nos compromissos com respeito e dignidade.<\/p>\n<p>\u00a0<\/p>\n<p>Inadmiss\u00edvel que um setor que tem lucros astron\u00f4micos, obviamente resultantes da explora\u00e7\u00e3o do trabalho de milhares de trabalhadores banc\u00e1rios, vigilantes e outros, seja punido todo dia pela Pol\u00edcia Federal e pague multas milion\u00e1rias por n\u00e3o cumprir uma lei de 1983 que manda apenas cuidar da seguran\u00e7a de trabalhadores e usu\u00e1rios.<\/p>\n<p>\u00a0<\/p>\n<p>No 20\u00ba dia de greve, queremos n\u00e3o somente reafirmar o apoio dos vigilantes, atrav\u00e9s da Confedera\u00e7\u00e3o Nacional, das Federa\u00e7\u00f5es e Sindicatos e dos vigilantes em cada ag\u00eancia ou posto de atendimento banc\u00e1rio \u00e0 luta de todos os banc\u00e1rios e de todas as banc\u00e1rias, mas tamb\u00e9m conclamar a toda a nossa categoria a expressar de todas as formas este apoio, a colabora\u00e7\u00e3o e a a\u00e7\u00e3o efetiva para a vit\u00f3ria dos trabalhadores e a derrota da intransig\u00eancia e da arrog\u00e2ncia dos banqueiros.<\/p>\n<p>\u00a0<\/p>\n<p>Bras\u00edlia, 8 de outubro de 2013.<\/p>\n<p>\u00a0<\/p>\n<p>\u00a0<\/p>\n<p><strong>Jos\u00e9 Boaventura Santos<br \/>Presidente da Confedera\u00e7\u00e3o Nacional dos Trabalhadores Vigilantes (CNTV)<\/strong><\/p>\n<p>\u00a0<\/p>\n<p>Fonte: Contraf-CUT com CNTV<\/p>\n","protected":false},"excerpt":{"rendered":"<p>A Contraf-CUT recebeu nesta ter\u00e7a-feira (8) uma mensagem de apoio \u00e0 greve nacional dos banc\u00e1rios enviada pela Confedera\u00e7\u00e3o Nacional dos Trabalhadores Vigilantes (CNTV), entidade que representa uma categoria que tem sido importante parceira dos banc\u00e1rios nas lutas por seguran\u00e7a, prote\u00e7\u00e3o da vida das pessoas e defesa dos direitos da classe trabalhadora. \u00a0 \u201cQueremos n\u00e3o somente [&hellip;]<\/p>\n","protected":false},"author":1,"featured_media":0,"comment_status":"","ping_status":"","sticky":false,"template":"","format":"standard","meta":{"footnotes":""},"categories":[3],"tags":[],"class_list":["post-1578","post","type-post","status-publish","format-standard","hentry","category-noticias"],"_links":{"self":[{"href":"https:\/\/hostnetart.com.br\/baixada\/wp-json\/wp\/v2\/posts\/1578","targetHints":{"allow":["GET"]}}],"collection":[{"href":"https:\/\/hostnetart.com.br\/baixada\/wp-json\/wp\/v2\/posts"}],"about":[{"href":"https:\/\/hostnetart.com.br\/baixada\/wp-json\/wp\/v2\/types\/post"}],"author":[{"embeddable":true,"href":"https:\/\/hostnetart.com.br\/baixada\/wp-json\/wp\/v2\/users\/1"}],"replies":[{"embeddable":true,"href":"https:\/\/hostnetart.com.br\/baixada\/wp-json\/wp\/v2\/comments?post=1578"}],"version-history":[{"count":0,"href":"https:\/\/hostnetart.com.br\/baixada\/wp-json\/wp\/v2\/posts\/1578\/revisions"}],"wp:attachment":[{"href":"https:\/\/hostnetart.com.br\/baixada\/wp-json\/wp\/v2\/media?parent=1578"}],"wp:term":[{"taxonomy":"category","embeddable":true,"href":"https:\/\/hostnetart.com.br\/baixada\/wp-json\/wp\/v2\/categories?post=1578"},{"taxonomy":"post_tag","embeddable":true,"href":"https:\/\/hostnetart.com.br\/baixada\/wp-json\/wp\/v2\/tags?post=1578"}],"curies":[{"name":"wp","href":"https:\/\/api.w.org\/{rel}","templated":true}]}}