{"id":15772,"date":"2024-09-11T17:41:14","date_gmt":"2024-09-11T20:41:14","guid":{"rendered":"https:\/\/hostnetart.com.br\/baixada\/bancarios-do-itau-vao-receber-plr-e-pcr-no-dia-20-de-setembro\/"},"modified":"2024-09-11T17:41:14","modified_gmt":"2024-09-11T20:41:14","slug":"bancarios-do-itau-vao-receber-plr-e-pcr-no-dia-20-de-setembro","status":"publish","type":"post","link":"https:\/\/hostnetart.com.br\/baixada\/bancarios-do-itau-vao-receber-plr-e-pcr-no-dia-20-de-setembro\/","title":{"rendered":"Banc\u00e1rios do Ita\u00fa v\u00e3o receber PLR e PCR no dia 20 de setembro"},"content":{"rendered":"<p>As banc\u00e1rias e os banc\u00e1rios do Ita\u00fa v\u00e3o receber o pagamento da Participa\u00e7\u00e3o nos Lucros e Resultados (PLR) e do Programa Complementar de Remunera\u00e7\u00e3o (PCR) no dia 20 de setembro de 2024. Esses direitos est\u00e3o assegurados no Acordo Coletivo de Trabalho (ACT), v\u00e1lido para os anos de 2023 e 2024.<\/p>\n<p>A coordenadora da Comiss\u00e3o de Organiza\u00e7\u00e3o dos Empregados (COE) Ita\u00fa, Valeska Pincovai, refor\u00e7a que \u201co banco precisa reconhecer o esfor\u00e7o de todos\u201d. O valor do PCR ser\u00e1 definido de acordo com o percentual de atingimento do Retorno sobre Patrim\u00f4nio (ROE) m\u00e9dio anual recorrente. Caso o ROE seja de at\u00e9 22%, o valor ser\u00e1 de R$ 3.678,16; se ultrapassar 22%, o valor ser\u00e1 de R$ 3.855,12.<\/p>\n<p>A COE Ita\u00fa agora cobrar\u00e1 do banco a abertura das negocia\u00e7\u00f5es sobre as quest\u00f5es espec\u00edficas e espera que o Ita\u00fa atenda \u00e0s reivindica\u00e7\u00f5es da categoria.<\/p>\n<p><b>Fonte: Contraf-CUT<\/b><\/p>\n","protected":false},"excerpt":{"rendered":"<p>As banc\u00e1rias e os banc\u00e1rios do Ita\u00fa v\u00e3o receber o pagamento da Participa\u00e7\u00e3o nos Lucros e Resultados (PLR) e do Programa Complementar de Remunera\u00e7\u00e3o (PCR) no dia 20 de setembro de 2024. Esses direitos est\u00e3o assegurados no Acordo Coletivo de Trabalho (ACT), v\u00e1lido para os anos de 2023 e 2024. A coordenadora da Comiss\u00e3o de [&hellip;]<\/p>\n","protected":false},"author":2,"featured_media":15771,"comment_status":"","ping_status":"","sticky":false,"template":"","format":"standard","meta":{"footnotes":""},"categories":[3],"tags":[],"class_list":["post-15772","post","type-post","status-publish","format-standard","has-post-thumbnail","hentry","category-noticias"],"_links":{"self":[{"href":"https:\/\/hostnetart.com.br\/baixada\/wp-json\/wp\/v2\/posts\/15772","targetHints":{"allow":["GET"]}}],"collection":[{"href":"https:\/\/hostnetart.com.br\/baixada\/wp-json\/wp\/v2\/posts"}],"about":[{"href":"https:\/\/hostnetart.com.br\/baixada\/wp-json\/wp\/v2\/types\/post"}],"author":[{"embeddable":true,"href":"https:\/\/hostnetart.com.br\/baixada\/wp-json\/wp\/v2\/users\/2"}],"replies":[{"embeddable":true,"href":"https:\/\/hostnetart.com.br\/baixada\/wp-json\/wp\/v2\/comments?post=15772"}],"version-history":[{"count":0,"href":"https:\/\/hostnetart.com.br\/baixada\/wp-json\/wp\/v2\/posts\/15772\/revisions"}],"wp:featuredmedia":[{"embeddable":true,"href":"https:\/\/hostnetart.com.br\/baixada\/wp-json\/wp\/v2\/media\/15771"}],"wp:attachment":[{"href":"https:\/\/hostnetart.com.br\/baixada\/wp-json\/wp\/v2\/media?parent=15772"}],"wp:term":[{"taxonomy":"category","embeddable":true,"href":"https:\/\/hostnetart.com.br\/baixada\/wp-json\/wp\/v2\/categories?post=15772"},{"taxonomy":"post_tag","embeddable":true,"href":"https:\/\/hostnetart.com.br\/baixada\/wp-json\/wp\/v2\/tags?post=15772"}],"curies":[{"name":"wp","href":"https:\/\/api.w.org\/{rel}","templated":true}]}}