{"id":15766,"date":"2024-09-11T13:06:21","date_gmt":"2024-09-11T16:06:21","guid":{"rendered":"https:\/\/hostnetart.com.br\/baixada\/coe-do-santander-espera-proposta-para-renovacao-do-act\/"},"modified":"2024-09-11T13:06:21","modified_gmt":"2024-09-11T16:06:21","slug":"coe-do-santander-espera-proposta-para-renovacao-do-act","status":"publish","type":"post","link":"https:\/\/hostnetart.com.br\/baixada\/coe-do-santander-espera-proposta-para-renovacao-do-act\/","title":{"rendered":"COE do Santander espera proposta para renova\u00e7\u00e3o do ACT"},"content":{"rendered":"<\/p>\n<p>A Comiss\u00e3o de Organiza\u00e7\u00e3o dos Empregados (COE) do Santander e a dire\u00e7\u00e3o do banco se re\u00fanem novamente nesta quarta-feira (11), na sede da Confedera\u00e7\u00e3o Nacional dos Trabalhadores do Ramo Financeiro (Contraf-CUT), para dar continuidade \u00e0s negocia\u00e7\u00f5es do Acordo Coletivo de Trabalho (ACT) espec\u00edfico dos funcion\u00e1rios do banco.<\/p>\n<p>Wanessa Queiroz, coordenadora da COE, destaca que o grupo espera avan\u00e7os significativos na negocia\u00e7\u00e3o. \u201cEsperamos que o Santander apresente uma proposta concreta e digna que permita a renova\u00e7\u00e3o do ACT, para atender \u00e0s demandas dos trabalhadores,\u201d afirmou. \u201cReivindicamos n\u00e3o apenas a manuten\u00e7\u00e3o de todas as nossas conquistas, mas tamb\u00e9m a amplia\u00e7\u00e3o de direitos para que sejam equiparados aos dos trabalhadores na Espanha, pa\u00eds de origem do banco,\u201d completou.<\/p>\n<p>A \u00faltima reuni\u00e3o, ocorrida no dia 23 de agosto, foi marcada por um forte protesto contra o uso da Pol\u00edcia Militar para reprimir trabalhadores e trabalhadoras durante uma manifesta\u00e7\u00e3o pac\u00edfica na unidade Radar Santander, em S\u00e3o Paulo. O ato de protesto da COE incluiu a entrega de uma carta de rep\u00fadio, assinada por todos os seus membros, condenando a viol\u00eancia policial sofrida pelos manifestantes no dia anterior (22\/08).<\/p>\n<h1>Reivindica\u00e7\u00f5es econ\u00f4micas e benef\u00edcios<\/h1>\n<p>Entre as principais demandas econ\u00f4micas, destaca-se o Programa de Participa\u00e7\u00e3o nos Resultados do Santander (PPRS) para 2024, com a proposta de um valor de R$ 8.212,63. Os trabalhadores tamb\u00e9m solicitaram a implementa\u00e7\u00e3o de uma bolsa de f\u00e9rias e isonomia de tratamento com os empregados do banco na Espanha, incluindo isen\u00e7\u00e3o de tarifas e anuidade de cart\u00f5es de cr\u00e9dito, al\u00e9m de taxas de juros mais baixas para cr\u00e9dito e financiamento.<\/p>\n<p>Outro ponto em destaque \u00e9 a concess\u00e3o de empr\u00e9stimos sem juros para cobrir situa\u00e7\u00f5es emergenciais, com valores equivalentes a at\u00e9 nove sal\u00e1rios mensais. Esses empr\u00e9stimos, solicitados para casos como casamentos, mudan\u00e7as de resid\u00eancia, falecimentos e doen\u00e7as graves, teriam amortiza\u00e7\u00e3o limitada a 10% dos recebimentos mensais do empregado.<\/p>\n<p><strong>Fonte: Contraf-CUT<\/strong><\/p>\n","protected":false},"excerpt":{"rendered":"<p>A Comiss\u00e3o de Organiza\u00e7\u00e3o dos Empregados (COE) do Santander e a dire\u00e7\u00e3o do banco se re\u00fanem novamente nesta quarta-feira (11), na sede da Confedera\u00e7\u00e3o Nacional dos Trabalhadores do Ramo Financeiro (Contraf-CUT), para dar continuidade \u00e0s negocia\u00e7\u00f5es do Acordo Coletivo de Trabalho (ACT) espec\u00edfico dos funcion\u00e1rios do banco. Wanessa Queiroz, coordenadora da COE, destaca que o [&hellip;]<\/p>\n","protected":false},"author":2,"featured_media":15765,"comment_status":"","ping_status":"","sticky":false,"template":"","format":"standard","meta":{"footnotes":""},"categories":[3],"tags":[],"class_list":["post-15766","post","type-post","status-publish","format-standard","has-post-thumbnail","hentry","category-noticias"],"_links":{"self":[{"href":"https:\/\/hostnetart.com.br\/baixada\/wp-json\/wp\/v2\/posts\/15766","targetHints":{"allow":["GET"]}}],"collection":[{"href":"https:\/\/hostnetart.com.br\/baixada\/wp-json\/wp\/v2\/posts"}],"about":[{"href":"https:\/\/hostnetart.com.br\/baixada\/wp-json\/wp\/v2\/types\/post"}],"author":[{"embeddable":true,"href":"https:\/\/hostnetart.com.br\/baixada\/wp-json\/wp\/v2\/users\/2"}],"replies":[{"embeddable":true,"href":"https:\/\/hostnetart.com.br\/baixada\/wp-json\/wp\/v2\/comments?post=15766"}],"version-history":[{"count":0,"href":"https:\/\/hostnetart.com.br\/baixada\/wp-json\/wp\/v2\/posts\/15766\/revisions"}],"wp:featuredmedia":[{"embeddable":true,"href":"https:\/\/hostnetart.com.br\/baixada\/wp-json\/wp\/v2\/media\/15765"}],"wp:attachment":[{"href":"https:\/\/hostnetart.com.br\/baixada\/wp-json\/wp\/v2\/media?parent=15766"}],"wp:term":[{"taxonomy":"category","embeddable":true,"href":"https:\/\/hostnetart.com.br\/baixada\/wp-json\/wp\/v2\/categories?post=15766"},{"taxonomy":"post_tag","embeddable":true,"href":"https:\/\/hostnetart.com.br\/baixada\/wp-json\/wp\/v2\/tags?post=15766"}],"curies":[{"name":"wp","href":"https:\/\/api.w.org\/{rel}","templated":true}]}}