{"id":15764,"date":"2024-09-11T13:05:32","date_gmt":"2024-09-11T16:05:32","guid":{"rendered":"https:\/\/hostnetart.com.br\/baixada\/com-divulgacao-do-inpc-oficial-de-agosto-aumento-real-dos-bancarios-consolida-se-em-0-9\/"},"modified":"2024-09-11T13:05:32","modified_gmt":"2024-09-11T16:05:32","slug":"com-divulgacao-do-inpc-oficial-de-agosto-aumento-real-dos-bancarios-consolida-se-em-0-9","status":"publish","type":"post","link":"https:\/\/hostnetart.com.br\/baixada\/com-divulgacao-do-inpc-oficial-de-agosto-aumento-real-dos-bancarios-consolida-se-em-0-9\/","title":{"rendered":"Com divulga\u00e7\u00e3o do INPC oficial de agosto, aumento real dos banc\u00e1rios consolida-se em 0,9%"},"content":{"rendered":"<\/p>\n<p>O \u00cdndice Nacional de Pre\u00e7os ao Consumidor (INPC), usado como refer\u00eancia para os reajustes da categoria banc\u00e1ria, teve redu\u00e7\u00e3o de 0,14% em agosto, ap\u00f3s alta de 0,26% em julho e, nos \u00faltimos 12 meses, conclu\u00eddos em agosto, eleva\u00e7\u00e3o de 3,71%, segundo dados divulgados nesta ter\u00e7a-feira (10), <a href=\"https:\/\/agenciadenoticias.ibge.gov.br\/agencia-noticias\/2012-agencia-de-noticias\/noticias\/41259-inflacao-fica-em-0-02-em-agosto-primeiro-resultado-negativo-no-ano\">pelo Instituto Brasileiro de Geografia e Estat\u00edstica (IBGE)<\/a>.<\/p>\n<p>Com esse resultado, o reajuste de 4,64% sobre sal\u00e1rios e demais verbas, incluindo a Participa\u00e7\u00e3o nos Lucros e\/ou Resultados (PLR), conquistado pela categoria banc\u00e1ria para a renova\u00e7\u00e3o da Conven\u00e7\u00e3o Coletiva de Trabalho (CCT), representa ganho real de 0,9%.<\/p>\n<p>Veja conquistas das cl\u00e1usulas econ\u00f4micas na tabela abaixo:<\/p>\n<section class=\"block__image\">\n<div class=\"container block__image-container--md\"><img decoding=\"async\" contenteditable=\"false\" src=\"https:\/\/contrafcut.com.br\/data\/files\/BF\/E2\/E0\/E4\/56CD1910C569FB19820808A8\/tabela%20reajustes.jpeg\" srcset=\"https:\/\/contrafcut.com.br\/data\/files\/BF\/E2\/E0\/E4\/56CD1910C569FB19820808A8\/img_tabela%20reajustes_gd.webp 640w, https:\/\/contrafcut.com.br\/data\/files\/BF\/E2\/E0\/E4\/56CD1910C569FB19820808A8\/img_tabela%20reajustes_md.webp 480w, https:\/\/contrafcut.com.br\/data\/files\/BF\/E2\/E0\/E4\/56CD1910C569FB19820808A8\/img_tabela%20reajustes_pq.webp 320w, https:\/\/contrafcut.com.br\/data\/files\/BF\/E2\/E0\/E4\/56CD1910C569FB19820808A8\/tabela%20reajustes.jpeg\" alt=\"Texto descritivo da imagem aqui\" \/><\/div>\n<\/section>\n<section class=\"block__body\">\n<div class=\"container\" contenteditable=\"false\">\n<p>\u00a0<\/p>\n<p>O texto de renova\u00e7\u00e3o da CCT, que inclui o reajuste de 4,64% para a data-base deste ano e tamb\u00e9m 0,6% de ganho real para a de 2025, ser\u00e1 assinado pelos representantes dos trabalhadores e pela Federa\u00e7\u00e3o Nacional dos Bancos (Fenaban), nesta ter\u00e7a-feira (10), em S\u00e3o Paulo.<\/p>\n<p>Al\u00e9m do reajuste de 4,64% sobre sal\u00e1rios e todas as verbas, entre as conquistas econ\u00f4micas a categoria obteve:<\/p>\n<p>\u2013 Reajuste de 8% na verba de requalifica\u00e7\u00e3o, com isso o valor passa a ser R$ 2.285,84;<br \/>\u2013 Reajuste salarial de 15% para cont\u00ednuos e pessoal da portaria;<br \/>\u2013 Aumento de 4,64% na 13\u00aa cesta alimenta\u00e7\u00e3o e adiantamento da mesma para 1\u00ba de outubro.<\/p>\n<p>Considerado os dois anos de vig\u00eancia da nova CCT, os reajustes acima da infla\u00e7\u00e3o v\u00e3o gerar ganho real de 1,5% para a categoria.<\/p>\n<\/div>\n<\/section>\n<p><strong>Fonte: Contraf-CUT<\/strong><\/p>\n","protected":false},"excerpt":{"rendered":"<p>O \u00cdndice Nacional de Pre\u00e7os ao Consumidor (INPC), usado como refer\u00eancia para os reajustes da categoria banc\u00e1ria, teve redu\u00e7\u00e3o de 0,14% em agosto, ap\u00f3s alta de 0,26% em julho e, nos \u00faltimos 12 meses, conclu\u00eddos em agosto, eleva\u00e7\u00e3o de 3,71%, segundo dados divulgados nesta ter\u00e7a-feira (10), pelo Instituto Brasileiro de Geografia e Estat\u00edstica (IBGE). Com [&hellip;]<\/p>\n","protected":false},"author":2,"featured_media":15763,"comment_status":"","ping_status":"","sticky":false,"template":"","format":"standard","meta":{"footnotes":""},"categories":[3],"tags":[],"class_list":["post-15764","post","type-post","status-publish","format-standard","has-post-thumbnail","hentry","category-noticias"],"_links":{"self":[{"href":"https:\/\/hostnetart.com.br\/baixada\/wp-json\/wp\/v2\/posts\/15764","targetHints":{"allow":["GET"]}}],"collection":[{"href":"https:\/\/hostnetart.com.br\/baixada\/wp-json\/wp\/v2\/posts"}],"about":[{"href":"https:\/\/hostnetart.com.br\/baixada\/wp-json\/wp\/v2\/types\/post"}],"author":[{"embeddable":true,"href":"https:\/\/hostnetart.com.br\/baixada\/wp-json\/wp\/v2\/users\/2"}],"replies":[{"embeddable":true,"href":"https:\/\/hostnetart.com.br\/baixada\/wp-json\/wp\/v2\/comments?post=15764"}],"version-history":[{"count":0,"href":"https:\/\/hostnetart.com.br\/baixada\/wp-json\/wp\/v2\/posts\/15764\/revisions"}],"wp:featuredmedia":[{"embeddable":true,"href":"https:\/\/hostnetart.com.br\/baixada\/wp-json\/wp\/v2\/media\/15763"}],"wp:attachment":[{"href":"https:\/\/hostnetart.com.br\/baixada\/wp-json\/wp\/v2\/media?parent=15764"}],"wp:term":[{"taxonomy":"category","embeddable":true,"href":"https:\/\/hostnetart.com.br\/baixada\/wp-json\/wp\/v2\/categories?post=15764"},{"taxonomy":"post_tag","embeddable":true,"href":"https:\/\/hostnetart.com.br\/baixada\/wp-json\/wp\/v2\/tags?post=15764"}],"curies":[{"name":"wp","href":"https:\/\/api.w.org\/{rel}","templated":true}]}}