{"id":15760,"date":"2024-09-10T20:16:47","date_gmt":"2024-09-10T23:16:47","guid":{"rendered":"https:\/\/hostnetart.com.br\/baixada\/assembleia-geral-da-caixa-ocorre-nos-dias-11-e-12-de-setembro\/"},"modified":"2024-09-10T20:16:47","modified_gmt":"2024-09-10T23:16:47","slug":"assembleia-geral-da-caixa-ocorre-nos-dias-11-e-12-de-setembro","status":"publish","type":"post","link":"https:\/\/hostnetart.com.br\/baixada\/assembleia-geral-da-caixa-ocorre-nos-dias-11-e-12-de-setembro\/","title":{"rendered":"Assembleia Geral da Caixa ocorre nos dias 11 e 12 de setembro"},"content":{"rendered":"<p>O Sindicato dos Banc\u00e1rios da Baixada Fluminense convoca todas as funcion\u00e1rias e os funcion\u00e1rios do Caixa Econ\u00f4mica Federal, de sua base, para assembleia geral.<\/p>\n<p>A assembleia se realizar\u00e1 por meio de plen\u00e1ria, que ocorrer\u00e1 nesta quarta-feira, dia 11 de setembro de 2024 (quarta-feira), \u00e0s 18h30 &#8211; primeira convoca\u00e7\u00e3o &#8211; e 19 horas &#8211; segunda convoca\u00e7\u00e3o -, de forma presencial, na sede do Sindicato (Rua Prof Henrique Ferreira Gomes, 179 &#8211; Duque de Caxias), seguida de vota\u00e7\u00e3o de forma remota\/virtual, das 8 horas at\u00e9 \u00e0s 20 horas do dia 12 de setembro de 2024 (quinta-feira), pelo site\u00a0<a href=\"http:\/\/www.bancariosbaixada.org.br\/\" target=\"_blank\" rel=\"noopener noreferrer\">http:\/\/www.bancariosbaixada.org.br<\/a>.<\/p>\n<p>E ir\u00e1 deliberar sobre:<\/p>\n<p>1- Proposta de renova\u00e7\u00e3o do Acordo Coletivo de Trabalho apresentada pela Caixa Econ\u00f4mica Federal;<\/p>\n<p>2- Autoriza\u00e7\u00e3o para a diretoria do Sindicato encaminhar os procedimentos legais e estatut\u00e1rios necess\u00e1rios para a convoca\u00e7\u00e3o de greve, por tempo indeterminado, pelos empregados, a partir da pr\u00f3xima segunda-feira, dia 16\/9\/2024.<\/p>\n<p>Participe!\u00a0<\/p>\n","protected":false},"excerpt":{"rendered":"<p>O Sindicato dos Banc\u00e1rios da Baixada Fluminense convoca todas as funcion\u00e1rias e os funcion\u00e1rios do Caixa Econ\u00f4mica Federal, de sua base, para assembleia geral. A assembleia se realizar\u00e1 por meio de plen\u00e1ria, que ocorrer\u00e1 nesta quarta-feira, dia 11 de setembro de 2024 (quarta-feira), \u00e0s 18h30 &#8211; primeira convoca\u00e7\u00e3o &#8211; e 19 horas &#8211; segunda convoca\u00e7\u00e3o [&hellip;]<\/p>\n","protected":false},"author":2,"featured_media":15759,"comment_status":"","ping_status":"","sticky":false,"template":"","format":"standard","meta":{"footnotes":""},"categories":[3],"tags":[],"class_list":["post-15760","post","type-post","status-publish","format-standard","has-post-thumbnail","hentry","category-noticias"],"_links":{"self":[{"href":"https:\/\/hostnetart.com.br\/baixada\/wp-json\/wp\/v2\/posts\/15760","targetHints":{"allow":["GET"]}}],"collection":[{"href":"https:\/\/hostnetart.com.br\/baixada\/wp-json\/wp\/v2\/posts"}],"about":[{"href":"https:\/\/hostnetart.com.br\/baixada\/wp-json\/wp\/v2\/types\/post"}],"author":[{"embeddable":true,"href":"https:\/\/hostnetart.com.br\/baixada\/wp-json\/wp\/v2\/users\/2"}],"replies":[{"embeddable":true,"href":"https:\/\/hostnetart.com.br\/baixada\/wp-json\/wp\/v2\/comments?post=15760"}],"version-history":[{"count":0,"href":"https:\/\/hostnetart.com.br\/baixada\/wp-json\/wp\/v2\/posts\/15760\/revisions"}],"wp:featuredmedia":[{"embeddable":true,"href":"https:\/\/hostnetart.com.br\/baixada\/wp-json\/wp\/v2\/media\/15759"}],"wp:attachment":[{"href":"https:\/\/hostnetart.com.br\/baixada\/wp-json\/wp\/v2\/media?parent=15760"}],"wp:term":[{"taxonomy":"category","embeddable":true,"href":"https:\/\/hostnetart.com.br\/baixada\/wp-json\/wp\/v2\/categories?post=15760"},{"taxonomy":"post_tag","embeddable":true,"href":"https:\/\/hostnetart.com.br\/baixada\/wp-json\/wp\/v2\/tags?post=15760"}],"curies":[{"name":"wp","href":"https:\/\/api.w.org\/{rel}","templated":true}]}}