{"id":15754,"date":"2024-09-09T22:37:13","date_gmt":"2024-09-10T01:37:13","guid":{"rendered":"https:\/\/hostnetart.com.br\/baixada\/negociacoes-com-a-caixa-serao-retomadas-nesta-terca-feira-10-9\/"},"modified":"2024-09-09T22:37:13","modified_gmt":"2024-09-10T01:37:13","slug":"negociacoes-com-a-caixa-serao-retomadas-nesta-terca-feira-10-9","status":"publish","type":"post","link":"https:\/\/hostnetart.com.br\/baixada\/negociacoes-com-a-caixa-serao-retomadas-nesta-terca-feira-10-9\/","title":{"rendered":"Negocia\u00e7\u00f5es com a Caixa ser\u00e3o retomadas nesta ter\u00e7a-feira (10\/9)"},"content":{"rendered":"<\/p>\n<p>A Caixa Econ\u00f4mica Federal respondeu ao of\u00edcio da Contraf-CUT e marcou a <strong>retomada das negocia\u00e7\u00f5es<\/strong> para esta ter\u00e7a-feira, 10 de setembro, a partir das 17 horas e <strong>garantindo a ultratividade at\u00e9 17\/09<\/strong>.<\/p>\n<p>O Comando Nacional dos Banc\u00e1rios j\u00e1 orientou os sindicatos a convocarem novas assembleias, que devem ser realizadas at\u00e9 quinta-feira (12), para a delibera\u00e7\u00e3o sobre a proposta de renova\u00e7\u00e3o do Acordo Coletivo de Trabalho (ACT), e\/ou para a deflagra\u00e7\u00e3o da greve.<\/p>\n<p><strong>Fonte: Contraf-CUT<\/strong><\/p>\n","protected":false},"excerpt":{"rendered":"<p>A Caixa Econ\u00f4mica Federal respondeu ao of\u00edcio da Contraf-CUT e marcou a retomada das negocia\u00e7\u00f5es para esta ter\u00e7a-feira, 10 de setembro, a partir das 17 horas e garantindo a ultratividade at\u00e9 17\/09. O Comando Nacional dos Banc\u00e1rios j\u00e1 orientou os sindicatos a convocarem novas assembleias, que devem ser realizadas at\u00e9 quinta-feira (12), para a delibera\u00e7\u00e3o [&hellip;]<\/p>\n","protected":false},"author":2,"featured_media":15753,"comment_status":"","ping_status":"","sticky":false,"template":"","format":"standard","meta":{"footnotes":""},"categories":[3],"tags":[],"class_list":["post-15754","post","type-post","status-publish","format-standard","has-post-thumbnail","hentry","category-noticias"],"_links":{"self":[{"href":"https:\/\/hostnetart.com.br\/baixada\/wp-json\/wp\/v2\/posts\/15754","targetHints":{"allow":["GET"]}}],"collection":[{"href":"https:\/\/hostnetart.com.br\/baixada\/wp-json\/wp\/v2\/posts"}],"about":[{"href":"https:\/\/hostnetart.com.br\/baixada\/wp-json\/wp\/v2\/types\/post"}],"author":[{"embeddable":true,"href":"https:\/\/hostnetart.com.br\/baixada\/wp-json\/wp\/v2\/users\/2"}],"replies":[{"embeddable":true,"href":"https:\/\/hostnetart.com.br\/baixada\/wp-json\/wp\/v2\/comments?post=15754"}],"version-history":[{"count":0,"href":"https:\/\/hostnetart.com.br\/baixada\/wp-json\/wp\/v2\/posts\/15754\/revisions"}],"wp:featuredmedia":[{"embeddable":true,"href":"https:\/\/hostnetart.com.br\/baixada\/wp-json\/wp\/v2\/media\/15753"}],"wp:attachment":[{"href":"https:\/\/hostnetart.com.br\/baixada\/wp-json\/wp\/v2\/media?parent=15754"}],"wp:term":[{"taxonomy":"category","embeddable":true,"href":"https:\/\/hostnetart.com.br\/baixada\/wp-json\/wp\/v2\/categories?post=15754"},{"taxonomy":"post_tag","embeddable":true,"href":"https:\/\/hostnetart.com.br\/baixada\/wp-json\/wp\/v2\/tags?post=15754"}],"curies":[{"name":"wp","href":"https:\/\/api.w.org\/{rel}","templated":true}]}}