{"id":1575,"date":"2014-07-25T00:00:00","date_gmt":"2014-07-25T03:00:00","guid":{"rendered":"https:\/\/hostnetart.com.br\/baixada\/marcha-das-mulheres-negras-contra-o-racismo-sera-lancada-nesta-sexta\/"},"modified":"2014-07-25T00:00:00","modified_gmt":"2014-07-25T03:00:00","slug":"marcha-das-mulheres-negras-contra-o-racismo-sera-lancada-nesta-sexta","status":"publish","type":"post","link":"https:\/\/hostnetart.com.br\/baixada\/marcha-das-mulheres-negras-contra-o-racismo-sera-lancada-nesta-sexta\/","title":{"rendered":"Marcha das Mulheres Negras contra o Racismo ser\u00e1 lan\u00e7ada nesta sexta"},"content":{"rendered":"<p>A Marcha de Mulheres Negras contra o Racismo e a Viol\u00eancia e pelo Bem Viver tem lan\u00e7amento nacional nesta sexta-feira, 25 de julho, data que tamb\u00e9m marca o Dia da Mulher Negra Latinoamericana e Caribenha.<\/p>\n<p>Em S\u00e3o Paulo, o lan\u00e7amento ser\u00e1 a partir das 19h, na Casa do Professor do Sindicato dos Professores do Ensino Oficial do Estado de S\u00e3o Paulo (Apeoesp), na Rua Bento Freitas n\u00ba 71, pr\u00f3ximo ao Largo do Arouche, no centro paulistano. No encontro tamb\u00e9m ser\u00e1 prestada uma homenagem ao centen\u00e1rio da escritora Carolina Maria de Jesus.<\/p>\n<p>Oficializada na III Confer\u00eancia Nacional de Promo\u00e7\u00e3o da Igualdade Racial (Conapir 2013), a Marcha de Mulheres Negras contra o Racismo e a Viol\u00eancia e pelo Bem Viver se realizar\u00e1 em 13 de maio de 2015, em Bras\u00edlia (DF), com o objetivo de dar visibilidade \u00e0s tem\u00e1ticas raciais femininas, abordando quest\u00f5es como a viol\u00eancia, diversidade e repara\u00e7\u00e3o hist\u00f3rica ao povo negro no Brasil.<\/p>\n<p>\u201cQueremos refletir sobre o papel das mulheres negras como alicerce na constru\u00e7\u00e3o da sociedade brasileira e fazer uma refer\u00eancia \u00e0 luta dos povos ancestrais\u201d, afirma a secret\u00e1ria de Combate ao Racismo da CUT S\u00e3o Paulo, Rosana Aparecida Silva. A dirigente explica, ainda, que a proposta \u00e9 engajar sindicatos cutistas, o movimento negro e outros movimentos sociais para construir e organizar a marcha.<\/p>\n<p>Sandra Mariano, da Coordena\u00e7\u00e3o Nacional de Entidades Negras (Conen), afirma que a marcha ser\u00e1 marcada pelo protagonismo das mulheres negras por conta das especificidades dessa popula\u00e7\u00e3o, mas a proposta \u00e9 agregar tamb\u00e9m a participa\u00e7\u00e3o dos homens e dos n\u00e3o negros\/as. \u201cQueremos todos e todas nessa marcha para que a sociedade brasileira entenda porque estaremos nas ruas no pr\u00f3ximo 13 de maio\u201d.<\/p>\n<p>Durante o lan\u00e7amento, ser\u00e1 divulgado um manifesto no qual as mulheres negras apontam por que e por quem marchar\u00e3o, com destaque, entre outros pontos, \u00e0 luta contra o racismo, pelo fim do machismo e da pobreza; contra a intoler\u00e2ncia religiosa e o genoc\u00eddio da juventude negra e perif\u00e9rica; pela valoriza\u00e7\u00e3o da trabalhadora dom\u00e9stica; por mais representatividade pol\u00edtica e pelo empoderamento da mulher negra.<\/p>\n<p>As atividades s\u00e3o abertas ao p\u00fablico e ter\u00e3o a participa\u00e7\u00e3o da CUT, de diversas organiza\u00e7\u00f5es do movimento negro e outros movimentos sociais.<\/p>\n<p>Fonte: Flaviana Serafim \u2013 CUT S\u00e3o Paulo<\/p>\n","protected":false},"excerpt":{"rendered":"<p>A Marcha de Mulheres Negras contra o Racismo e a Viol\u00eancia e pelo Bem Viver tem lan\u00e7amento nacional nesta sexta-feira, 25 de julho, data que tamb\u00e9m marca o Dia da Mulher Negra Latinoamericana e Caribenha. Em S\u00e3o Paulo, o lan\u00e7amento ser\u00e1 a partir das 19h, na Casa do Professor do Sindicato dos Professores do Ensino [&hellip;]<\/p>\n","protected":false},"author":1,"featured_media":1574,"comment_status":"","ping_status":"","sticky":false,"template":"","format":"standard","meta":{"footnotes":""},"categories":[3],"tags":[],"class_list":["post-1575","post","type-post","status-publish","format-standard","has-post-thumbnail","hentry","category-noticias"],"_links":{"self":[{"href":"https:\/\/hostnetart.com.br\/baixada\/wp-json\/wp\/v2\/posts\/1575","targetHints":{"allow":["GET"]}}],"collection":[{"href":"https:\/\/hostnetart.com.br\/baixada\/wp-json\/wp\/v2\/posts"}],"about":[{"href":"https:\/\/hostnetart.com.br\/baixada\/wp-json\/wp\/v2\/types\/post"}],"author":[{"embeddable":true,"href":"https:\/\/hostnetart.com.br\/baixada\/wp-json\/wp\/v2\/users\/1"}],"replies":[{"embeddable":true,"href":"https:\/\/hostnetart.com.br\/baixada\/wp-json\/wp\/v2\/comments?post=1575"}],"version-history":[{"count":0,"href":"https:\/\/hostnetart.com.br\/baixada\/wp-json\/wp\/v2\/posts\/1575\/revisions"}],"wp:featuredmedia":[{"embeddable":true,"href":"https:\/\/hostnetart.com.br\/baixada\/wp-json\/wp\/v2\/media\/1574"}],"wp:attachment":[{"href":"https:\/\/hostnetart.com.br\/baixada\/wp-json\/wp\/v2\/media?parent=1575"}],"wp:term":[{"taxonomy":"category","embeddable":true,"href":"https:\/\/hostnetart.com.br\/baixada\/wp-json\/wp\/v2\/categories?post=1575"},{"taxonomy":"post_tag","embeddable":true,"href":"https:\/\/hostnetart.com.br\/baixada\/wp-json\/wp\/v2\/tags?post=1575"}],"curies":[{"name":"wp","href":"https:\/\/api.w.org\/{rel}","templated":true}]}}