{"id":15742,"date":"2024-09-06T08:16:33","date_gmt":"2024-09-06T11:16:33","guid":{"rendered":"https:\/\/hostnetart.com.br\/baixada\/negociacoes-entre-financiarios-e-fenacrefi-empacam-sem-acordo\/"},"modified":"2024-09-06T08:16:33","modified_gmt":"2024-09-06T11:16:33","slug":"negociacoes-entre-financiarios-e-fenacrefi-empacam-sem-acordo","status":"publish","type":"post","link":"https:\/\/hostnetart.com.br\/baixada\/negociacoes-entre-financiarios-e-fenacrefi-empacam-sem-acordo\/","title":{"rendered":"Negocia\u00e7\u00f5es entre financi\u00e1rios e Fenacrefi empacam sem acordo"},"content":{"rendered":"<\/p>\n<p>Mesmo ap\u00f3s um dia inteiro de negocia\u00e7\u00f5es, a d\u00e9cima reuni\u00e3o entre o Coletivo Nacional dos Financi\u00e1rios e a Federa\u00e7\u00e3o Interestadual das Institui\u00e7\u00f5es de Cr\u00e9dito, Financiamento e Investimento (Fenacrefi) da Campanha Nacional 2024 terminou sem um acordo. A entidade patronal apresentou duas propostas que ficaram muito abaixo dos anseios da categoria e foram prontamente recusadas na mesa de negocia\u00e7\u00e3o.<\/p>\n<p>A secret\u00e1ria de Organiza\u00e7\u00e3o do Ramo Financeiro e Pol\u00edtica Sindical da Contraf-CUT, Magaly Fagundes, destacou que, segundo dados do Dieese, at\u00e9 julho deste ano, 8.809 acordos foram firmados, dos quais 86% garantiram \u00edndices acima do INPC, ou seja, com aumento real. \u201cA m\u00e9dia \u00e9 superior a 1,5% de aumento real. N\u00e3o podemos aceitar um \u00edndice t\u00e3o irris\u00f3rio para este ano e sem nada previsto para o ano que vem\u201d, afirmou.<\/p>\n<h1><strong>Proposta inicial<\/strong><\/h1>\n<p>A proposta inicial da Fenacrefi foi de aplicar, de forma linear, o \u00cdndice Nacional de Pre\u00e7os ao Consumidor (INPC) nos pr\u00f3ximos dois anos. Para o per\u00edodo de julho de 2023 a junho de 2024, o \u00edndice registrado foi de 3,34%, e o \u00edndice para 2025 ser\u00e1 o INPC linear. Sobre a Participa\u00e7\u00e3o nos Lucros e Resultados (PLR), a proposta \u00e9 de mudan\u00e7as na regra que vai refletir em preju\u00edzo aos trabalhadores.<\/p>\n<p>\u201cTodos as propostas apresentadas de altera\u00e7\u00e3o dos direitos conquistados, representam redu\u00e7\u00e3o de custos das empresas e imp\u00f5e perda aos financi\u00e1rios\u201d, afirmou Jair Alves, coordenador.<\/p>\n<h1><strong>Segunda proposta<\/strong><\/h1>\n<p>A segunda proposta da Fenacrefi continuou aqu\u00e9m das expectativas, oferecendo um reajuste salarial de 3,5% para 2024, o que representaria apenas 0,15% de aumento real. Para 2025, a proposta permanece com o INPC linear. Em rela\u00e7\u00e3o \u00e0 PLR, a proposta manteve-se inalterada.<\/p>\n<p>A reuni\u00e3o foi encerrada sem uma data definida para o novo encontro. \u201cN\u00f3s estamos \u00e0 disposi\u00e7\u00e3o para continuar as negocia\u00e7\u00f5es, desde que seja com uma proposta digna\u201d, finalizou Magaly.<\/p>\n<p><strong>Fonte: Contraf-CUT<\/strong><\/p>\n","protected":false},"excerpt":{"rendered":"<p>Mesmo ap\u00f3s um dia inteiro de negocia\u00e7\u00f5es, a d\u00e9cima reuni\u00e3o entre o Coletivo Nacional dos Financi\u00e1rios e a Federa\u00e7\u00e3o Interestadual das Institui\u00e7\u00f5es de Cr\u00e9dito, Financiamento e Investimento (Fenacrefi) da Campanha Nacional 2024 terminou sem um acordo. A entidade patronal apresentou duas propostas que ficaram muito abaixo dos anseios da categoria e foram prontamente recusadas na [&hellip;]<\/p>\n","protected":false},"author":2,"featured_media":15741,"comment_status":"","ping_status":"","sticky":false,"template":"","format":"standard","meta":{"footnotes":""},"categories":[3],"tags":[],"class_list":["post-15742","post","type-post","status-publish","format-standard","has-post-thumbnail","hentry","category-noticias"],"_links":{"self":[{"href":"https:\/\/hostnetart.com.br\/baixada\/wp-json\/wp\/v2\/posts\/15742","targetHints":{"allow":["GET"]}}],"collection":[{"href":"https:\/\/hostnetart.com.br\/baixada\/wp-json\/wp\/v2\/posts"}],"about":[{"href":"https:\/\/hostnetart.com.br\/baixada\/wp-json\/wp\/v2\/types\/post"}],"author":[{"embeddable":true,"href":"https:\/\/hostnetart.com.br\/baixada\/wp-json\/wp\/v2\/users\/2"}],"replies":[{"embeddable":true,"href":"https:\/\/hostnetart.com.br\/baixada\/wp-json\/wp\/v2\/comments?post=15742"}],"version-history":[{"count":0,"href":"https:\/\/hostnetart.com.br\/baixada\/wp-json\/wp\/v2\/posts\/15742\/revisions"}],"wp:featuredmedia":[{"embeddable":true,"href":"https:\/\/hostnetart.com.br\/baixada\/wp-json\/wp\/v2\/media\/15741"}],"wp:attachment":[{"href":"https:\/\/hostnetart.com.br\/baixada\/wp-json\/wp\/v2\/media?parent=15742"}],"wp:term":[{"taxonomy":"category","embeddable":true,"href":"https:\/\/hostnetart.com.br\/baixada\/wp-json\/wp\/v2\/categories?post=15742"},{"taxonomy":"post_tag","embeddable":true,"href":"https:\/\/hostnetart.com.br\/baixada\/wp-json\/wp\/v2\/tags?post=15742"}],"curies":[{"name":"wp","href":"https:\/\/api.w.org\/{rel}","templated":true}]}}