{"id":15738,"date":"2024-09-04T20:44:48","date_gmt":"2024-09-04T23:44:48","guid":{"rendered":"https:\/\/hostnetart.com.br\/baixada\/veja-as-conquistas-das-negociacoes-com-a-caixa\/"},"modified":"2024-09-04T20:44:48","modified_gmt":"2024-09-04T23:44:48","slug":"veja-as-conquistas-das-negociacoes-com-a-caixa","status":"publish","type":"post","link":"https:\/\/hostnetart.com.br\/baixada\/veja-as-conquistas-das-negociacoes-com-a-caixa\/","title":{"rendered":"Veja as conquistas das negocia\u00e7\u00f5es com a Caixa"},"content":{"rendered":"<\/p>\n<div class=\"itemFullText\">\n<p>As negocia\u00e7\u00f5es para a renova\u00e7\u00e3o do Acordo Coletivo de Trabalho (ACT) das empregadas e empregados da Caixa Econ\u00f4mica Federal foram duras. Mas, com muita firmeza, sempre considerando o que era o melhor para as colegas e os colegas de trabalho no banco, a Comiss\u00e3o Executiva dos Empregados (CEE), representando o Comando Nacional dos Banc\u00e1rios, conseguiu obter diversos avan\u00e7os para as trabalhadoras e trabalhadores, como a possibilidade, por meio de Comiss\u00e3o de Concilia\u00e7\u00e3o Volunt\u00e1ria (CCV), de incorpora\u00e7\u00e3o da gratifica\u00e7\u00e3o de fun\u00e7\u00e3o, Complemento Tempor\u00e1rio Vari\u00e1vel de Ajuste de Mercado (CTVA), porte de ag\u00eancia e do Adicional Pessoal Provis\u00f3rio de Adequa\u00e7\u00e3o; retorno da nomea\u00e7\u00e3o efetiva de novos caixas e tesoureiros, com o fim da designa\u00e7\u00e3o de fun\u00e7\u00e3o por minuto; a discuss\u00e3o sobre o fim do teto de gastos do banco com a sa\u00fade do quadro de pessoal e extens\u00e3o aos contratados depois de 2018 do direito de manuten\u00e7\u00e3o do plano do Sa\u00fade Caixa ap\u00f3s a aposentadoria; e o debate sobre o equacionamento dos d\u00e9ficits, o contencioso e outras quest\u00f5es da Funcef.<br \/>A minuta do Acordo Coletivo de Trabalho (ACT) das empregadas e empregados da Caixa est\u00e1 leitura para revis\u00e3o final, mas j\u00e1 h\u00e1 um resumo da proposta (veja abaixo). Assim que a minuta do ACT for liberada, postaremos aqui.<\/p>\n<p><strong>&gt;&gt;&gt;&gt;&gt;<\/strong> Baixe o <a href=\"https:\/\/contrafcut.lumis.com.br\/data\/files\/7D\/F4\/3A\/39\/7AEB1910BD36AB19820808A8\/2024.09.04%20-%20Resumo%20da%20Proposta%20Final%20Caixa.pdf\">documento com o resumo da proposta<\/a><\/p>\n<h2><strong>Assembleias<\/strong><\/h2>\n<p>Sindicatos dos banc\u00e1rios e banc\u00e1rias de todo o pa\u00eds realizam assembleias para delibera\u00e7\u00e3o sobre a proposta de renova\u00e7\u00e3o da Conven\u00e7\u00e3o Coletiva de Trabalho (CCT) da categoria, negociada com a Federa\u00e7\u00e3o Nacional dos Bancos (Fenaban), e sobre as propostas dos Acordos Coletivos de Trabalho (ACT) negociados com o Banco do Brasil (BB) e Caixa Econ\u00f4mica Federal.<\/p>\n<p>Todos os banc\u00e1rios e banc\u00e1rias, sindicalizados ou n\u00e3o, poder\u00e3o participar da vota\u00e7\u00e3o, que come\u00e7ar\u00e1 \u00e0s 20h dessa quarta-feira (4) e terminar\u00e1 \u00e0s 20h de quinta-feira (5), por meio da plataforma eletr\u00f4nica VotaBem (<a href=\"https:\/\/bancarios.votabem.com.br\/\" target=\"_blank\" rel=\"noopener noreferrer\">https:\/\/bancarios.votabem.com.br<\/a>) ou link disponibilizado pelo sindicato da sua base.<\/p>\n<p><b>Fonte: Contraf-CUT<\/b><\/p>\n<\/div>\n<div class=\"clr\">\u00a0<\/div>\n","protected":false},"excerpt":{"rendered":"<p>As negocia\u00e7\u00f5es para a renova\u00e7\u00e3o do Acordo Coletivo de Trabalho (ACT) das empregadas e empregados da Caixa Econ\u00f4mica Federal foram duras. Mas, com muita firmeza, sempre considerando o que era o melhor para as colegas e os colegas de trabalho no banco, a Comiss\u00e3o Executiva dos Empregados (CEE), representando o Comando Nacional dos Banc\u00e1rios, conseguiu [&hellip;]<\/p>\n","protected":false},"author":2,"featured_media":15737,"comment_status":"","ping_status":"","sticky":false,"template":"","format":"standard","meta":{"footnotes":""},"categories":[3],"tags":[],"class_list":["post-15738","post","type-post","status-publish","format-standard","has-post-thumbnail","hentry","category-noticias"],"_links":{"self":[{"href":"https:\/\/hostnetart.com.br\/baixada\/wp-json\/wp\/v2\/posts\/15738","targetHints":{"allow":["GET"]}}],"collection":[{"href":"https:\/\/hostnetart.com.br\/baixada\/wp-json\/wp\/v2\/posts"}],"about":[{"href":"https:\/\/hostnetart.com.br\/baixada\/wp-json\/wp\/v2\/types\/post"}],"author":[{"embeddable":true,"href":"https:\/\/hostnetart.com.br\/baixada\/wp-json\/wp\/v2\/users\/2"}],"replies":[{"embeddable":true,"href":"https:\/\/hostnetart.com.br\/baixada\/wp-json\/wp\/v2\/comments?post=15738"}],"version-history":[{"count":0,"href":"https:\/\/hostnetart.com.br\/baixada\/wp-json\/wp\/v2\/posts\/15738\/revisions"}],"wp:featuredmedia":[{"embeddable":true,"href":"https:\/\/hostnetart.com.br\/baixada\/wp-json\/wp\/v2\/media\/15737"}],"wp:attachment":[{"href":"https:\/\/hostnetart.com.br\/baixada\/wp-json\/wp\/v2\/media?parent=15738"}],"wp:term":[{"taxonomy":"category","embeddable":true,"href":"https:\/\/hostnetart.com.br\/baixada\/wp-json\/wp\/v2\/categories?post=15738"},{"taxonomy":"post_tag","embeddable":true,"href":"https:\/\/hostnetart.com.br\/baixada\/wp-json\/wp\/v2\/tags?post=15738"}],"curies":[{"name":"wp","href":"https:\/\/api.w.org\/{rel}","templated":true}]}}