{"id":15726,"date":"2024-09-01T00:07:00","date_gmt":"2024-09-01T03:07:00","guid":{"rendered":"https:\/\/hostnetart.com.br\/baixada\/funcionarios-do-banco-do-brasil-conquistam-proposta-global-para-renovacao-do-act-com-avancos\/"},"modified":"2024-09-01T00:07:00","modified_gmt":"2024-09-01T03:07:00","slug":"funcionarios-do-banco-do-brasil-conquistam-proposta-global-para-renovacao-do-act-com-avancos","status":"publish","type":"post","link":"https:\/\/hostnetart.com.br\/baixada\/funcionarios-do-banco-do-brasil-conquistam-proposta-global-para-renovacao-do-act-com-avancos\/","title":{"rendered":"Funcion\u00e1rios do Banco do Brasil conquistam proposta global para renova\u00e7\u00e3o do ACT com avan\u00e7os"},"content":{"rendered":"<\/p>\n<p>Na d\u00e9cima rodada de negocia\u00e7\u00f5es para a renova\u00e7\u00e3o do Acordo Coletivo de Trabalho (ACT) espec\u00edfico, realizada na tarde deste s\u00e1bado (31) na sede do Sindicato dos Banc\u00e1rios de S\u00e3o Paulo, Osasco e Regi\u00e3o, o Banco do Brasil apresentou sua proposta global. A formaliza\u00e7\u00e3o veio ap\u00f3s a Federa\u00e7\u00e3o Nacional dos Bancos (Fenaban) divulgar sua oferta para a categoria.<\/p>\n<p>Entre os principais pontos da proposta apresentada pelo Banco do Brasil est\u00e3o:<\/p>\n<p><strong>Eleva\u00e7\u00e3o do teto da PLR<\/strong> \u2013 A partir da pr\u00f3xima PLR j\u00e1 vai estar valendo a nova regra, com limite a sete sal\u00e1rios por ano. O banco tamb\u00e9m assumiu o compromisso de fazer o pagamento ap\u00f3s tr\u00eas dias \u00fateis da assinatura do acordo.<\/p>\n<p><strong>Rede de neg\u00f3cios <\/strong>\u2013 Revis\u00e3o dos cargos de assistente de neg\u00f3cios, supervisor de atendimento e caixas. Ser\u00e3o abertas quatro mil vagas para nova fun\u00e7\u00e3o com jornada de 6 horas e sal\u00e1rio ser\u00e1 maior que o dos caixas, os caixas ser\u00e3o priorizados na concorr\u00eancia. Ser\u00e3o criadas 2700 vagas para o cargo de 8 horas, que ter\u00e1 sal\u00e1rio superior ao de supervisor de atendimento. \u00a0Al\u00e9m disso, na rede de neg\u00f3cios, ser\u00e3o abertas 500 vagas de gerente de relacionamento. Mais de 11 mil funcion\u00e1rios ser\u00e3o impactados pelo aumento salarial.<\/p>\n<p><strong>Rede de apoio \u2013<\/strong> Banco ir\u00e1 aumentar o valor de refer\u00eancia dos cargos de assistente j\u00fanior e assistente pleno. Cerca de 4 mil funcion\u00e1rios ser\u00e3o impactados por este aumento.<\/p>\n<p><strong>Funcion\u00e1rios oriundos dos bancos incorporados <\/strong>\u2013 O banco se comprometeu a resolver as quest\u00f5es relacionadas \u00e0 sa\u00fade e previd\u00eancia dos funcion\u00e1rios dos bancos incorporados at\u00e9 31 de junho de 2025. Reuni\u00f5es bipartites trimestrais ser\u00e3o realizadas para discutir o tema.<\/p>\n<p><strong>Caixa<\/strong> \u2013 O banco est\u00e1 assumindo o compromisso manter a gratifica\u00e7\u00e3o do Caixa at\u00e9 dezembro deste ano, para os agentes comerciais que vinham recebendo esta gratifica\u00e7\u00e3o. Durante este per\u00edodo, os caixas ser\u00e3o priorizados nas novas fun\u00e7\u00f5es com sal\u00e1rio maior que o atual. Os caixas que continuarem abrindo caixa continuam fazendo jus \u00e0 gratifica\u00e7\u00e3o. Os caixas com mais de 10 anos de fun\u00e7\u00e3o em 2017 ter\u00e3o a gratifica\u00e7\u00e3o incorporada. Al\u00e9m disso, BB ir\u00e1 instituir um programa de qualifica\u00e7\u00e3o para se qualificar para novas fun\u00e7\u00f5es.<\/p>\n<p><strong>Tabela de pontua\u00e7\u00e3o por m\u00e9rito <\/strong>\u2013 A proposta inclui a amplia\u00e7\u00e3o do n\u00famero de faixas na tabela de pontua\u00e7\u00e3o por m\u00e9rito, permitindo maior varia\u00e7\u00e3o de pontos e possibilitando que os funcion\u00e1rios acumulem pontos e mudem de faixa mais rapidamente. Com a implementa\u00e7\u00e3o, 50% dos funcion\u00e1rios seriam beneficiados imediatamente.<\/p>\n<p><strong>Teletrabalho \u00a0nos escrit\u00f3rio de neg\u00f3cios<\/strong> \u2013 A proposta \u00e9 dobrar a quantidade de escrit\u00f3rios que realizam TRI e assegurar que, pelo menos, um escrit\u00f3rio em cada estado fa\u00e7a esse trabalho, a partir final do ano.<\/p>\n<p><strong>Plataforma Conex\u00e3o <\/strong>\u2013 O banco planeja mudan\u00e7as no sistema de m\u00e9tricas de metas. Segundo a proposta, todos que superarem seus indicadores receber\u00e3o uma premia\u00e7\u00e3o. Caso essa regra estivesse em vigor no segundo semestre de 2023, cerca de 40 mil funcion\u00e1rios a mais teriam sido premiados.<\/p>\n<p><strong>Encarreiramento<\/strong> \u2013 O banco prop\u00f5e reduzir o prazo para a concorr\u00eancia para 12 meses na nomea\u00e7\u00e3o de diversas fun\u00e7\u00f5es na rede de varejo. BB tamb\u00e9m ir\u00e1 retirar a trava 10% de claros para casos de ascen\u00e7\u00e3o.<\/p>\n<p><strong>Pra\u00e7as de dif\u00edcil provimento<\/strong> \u2013 Para incentivar a movimenta\u00e7\u00e3o de funcion\u00e1rios para localidades de dif\u00edcil provimento, o banco prop\u00f5e um incentivo pecuni\u00e1rio por 12 meses, em valores crescentes.<\/p>\n<p><strong>Verba de viagens<\/strong> \u2013 O Banco do Brasil sugere elevar a verba destinada a viagens a servi\u00e7o, com uma revis\u00e3o bianual dos valores.<\/p>\n<p><strong>Desligamento<\/strong> \u2013 cl\u00e1usula que cria regra clara contra demissao imotivada de funcion\u00e1rios.<\/p>\n<p>Todas essas conquistam se juntam as que j\u00e1 tinham sido anunciadas na sexta-feira (30), como redu\u00e7\u00e3o da jornada de trabalho para pais e respons\u00e1veis por dependentes com defici\u00eancia f\u00edsica e\/ou mental, medidas relacionadas ao banco de horas negativas acumuladas durante a pandemia de covid, volta dos vigilantes em todas as unidades de varejo, independente de ter numer\u00e1rio ou n\u00e3o e cria\u00e7\u00e3o comit\u00ea de \u00e9tica parit\u00e1rio, formado por dois eleitos pelos funcion\u00e1rios e dois indicados pelo banco.<\/p>\n<p>\u201cAvaliamos que a proposta final atende uma s\u00e9rie de demandas dos funcion\u00e1rios do BB, debatidas amplamente durante os \u00faltimos meses. A proposta traz avan\u00e7os na remunera\u00e7\u00e3o e nas cl\u00e1usulas sociais, por isso indicamos \u00e0s funcion\u00e1rias e aos funcion\u00e1rios do BB a aprova\u00e7\u00e3o\u201d, afirmou a coordenadora da CNFBB, Fernanda Lopes.<\/p>\n<p>\u00a0<\/p>\n<h1><strong>Assembleias <\/strong><\/h1>\n<p>Os sindicatos de banc\u00e1rios de todo o pa\u00eds realizar\u00e3o assembleias, na pr\u00f3xima quarta-feira (4), a partir das 20h at\u00e9 \u00e0s 20h de quinta-feira (5) para que a categoria delibere sobre a proposta. O edital chamando para as assembleias ser\u00e1 divulgado nessa segunda-feira (2). O Comando Nacional recomenda a aprova\u00e7\u00e3o.<\/p>\n<p>As assembleias poder\u00e3o ser realizadas totalmente online, no formato presencial ou h\u00edbrido, a depender da decis\u00e3o do sindicato. No caso de voto online, a plataforma ser\u00e1 a VotaBem (https:\/\/bancarios.votabem.com.br).<\/p>\n<p><img fetchpriority=\"high\" decoding=\"async\" class=\"alignnone size-full wp-image-25467\" src=\"https:\/\/fetrafrjes.org.br\/wp-content\/uploads\/2024\/08\/IMG_5381.webp\" sizes=\"(max-width: 640px) 100vw, 640px\" srcset=\"https:\/\/fetrafrjes.org.br\/wp-content\/uploads\/2024\/08\/IMG_5381.webp 640w, https:\/\/fetrafrjes.org.br\/wp-content\/uploads\/2024\/08\/IMG_5381-600x336.webp 600w\" alt=\"\" width=\"640\" height=\"358\" \/><\/p>\n<p><strong>Fonte: Contraf-CUT<\/strong><\/p>\n","protected":false},"excerpt":{"rendered":"<p>Na d\u00e9cima rodada de negocia\u00e7\u00f5es para a renova\u00e7\u00e3o do Acordo Coletivo de Trabalho (ACT) espec\u00edfico, realizada na tarde deste s\u00e1bado (31) na sede do Sindicato dos Banc\u00e1rios de S\u00e3o Paulo, Osasco e Regi\u00e3o, o Banco do Brasil apresentou sua proposta global. A formaliza\u00e7\u00e3o veio ap\u00f3s a Federa\u00e7\u00e3o Nacional dos Bancos (Fenaban) divulgar sua oferta para [&hellip;]<\/p>\n","protected":false},"author":2,"featured_media":15725,"comment_status":"","ping_status":"","sticky":false,"template":"","format":"standard","meta":{"footnotes":""},"categories":[3],"tags":[],"class_list":["post-15726","post","type-post","status-publish","format-standard","has-post-thumbnail","hentry","category-noticias"],"_links":{"self":[{"href":"https:\/\/hostnetart.com.br\/baixada\/wp-json\/wp\/v2\/posts\/15726","targetHints":{"allow":["GET"]}}],"collection":[{"href":"https:\/\/hostnetart.com.br\/baixada\/wp-json\/wp\/v2\/posts"}],"about":[{"href":"https:\/\/hostnetart.com.br\/baixada\/wp-json\/wp\/v2\/types\/post"}],"author":[{"embeddable":true,"href":"https:\/\/hostnetart.com.br\/baixada\/wp-json\/wp\/v2\/users\/2"}],"replies":[{"embeddable":true,"href":"https:\/\/hostnetart.com.br\/baixada\/wp-json\/wp\/v2\/comments?post=15726"}],"version-history":[{"count":0,"href":"https:\/\/hostnetart.com.br\/baixada\/wp-json\/wp\/v2\/posts\/15726\/revisions"}],"wp:featuredmedia":[{"embeddable":true,"href":"https:\/\/hostnetart.com.br\/baixada\/wp-json\/wp\/v2\/media\/15725"}],"wp:attachment":[{"href":"https:\/\/hostnetart.com.br\/baixada\/wp-json\/wp\/v2\/media?parent=15726"}],"wp:term":[{"taxonomy":"category","embeddable":true,"href":"https:\/\/hostnetart.com.br\/baixada\/wp-json\/wp\/v2\/categories?post=15726"},{"taxonomy":"post_tag","embeddable":true,"href":"https:\/\/hostnetart.com.br\/baixada\/wp-json\/wp\/v2\/tags?post=15726"}],"curies":[{"name":"wp","href":"https:\/\/api.w.org\/{rel}","templated":true}]}}