{"id":15724,"date":"2024-08-31T21:02:59","date_gmt":"2024-09-01T00:02:59","guid":{"rendered":"https:\/\/hostnetart.com.br\/baixada\/bancarios-e-bancarias-conquistam-aumento-real-nos-salarios-e-verbas-para-2024-e-2025\/"},"modified":"2024-08-31T21:02:59","modified_gmt":"2024-09-01T00:02:59","slug":"bancarios-e-bancarias-conquistam-aumento-real-nos-salarios-e-verbas-para-2024-e-2025","status":"publish","type":"post","link":"https:\/\/hostnetart.com.br\/baixada\/bancarios-e-bancarias-conquistam-aumento-real-nos-salarios-e-verbas-para-2024-e-2025\/","title":{"rendered":"Banc\u00e1rios e banc\u00e1rias conquistam aumento real nos sal\u00e1rios e verbas para 2024 e 2025"},"content":{"rendered":"<\/p>\n<p>Ap\u00f3s 13 duras e longas rodadas de negocia\u00e7\u00f5es, iniciadas h\u00e1 quase dois meses e meio, o Comando Nacional dos Banc\u00e1rios arrancou, neste s\u00e1bado (31), proposta da Federa\u00e7\u00e3o Nacional dos Bancos (Fenaban), garantindo a unidade da categoria com manuten\u00e7\u00e3o de todos os direitos e amplia\u00e7\u00e3o de 10 novas cl\u00e1usulas para a renova\u00e7\u00e3o da Conven\u00e7\u00e3o Coletiva de Trabalho (CCT), para 2024 e 2025. Assembleias ser\u00e3o realizadas na pr\u00f3xima quarta (4) e comando indica a aprova\u00e7\u00e3o.<\/p>\n<p>Nas cl\u00e1usulas econ\u00f4micas, a categoria ter\u00e1 reajuste de 4,64% nos sal\u00e1rios e demais verbas, incluindo vales alimenta\u00e7\u00e3o (VA), refei\u00e7\u00e3o (VR), aux\u00edlio creche\/bab\u00e1 e participa\u00e7\u00e3o nos lucros e resultados (PLR) neste ano, para um INPC estimado de 3,91%, o que daria um ganho real de 0,7%. Para 2025, o aumento real ser\u00e1 de 0,6% para sal\u00e1rios, PLR, VA\/VR e demais cl\u00e1usulas econ\u00f4micas.<\/p>\n<p>O ganho real de 2024 e 2025, portanto, ser\u00e1 de pelo menos 1,31%, podendo ficar acima disso a depender do INPC de agosto, que ser\u00e1 divulgado pelo IBGE somente em 10 de setembro.\u00a0<\/p>\n<p>&#8220;Os bancos tentaram dividir a categoria, retirar direitos e fizeram de tudo para rebaixar o reajuste, para que ficasse inferior \u00e0 infla\u00e7\u00e3o. Foi uma negocia\u00e7\u00e3o muito dif\u00edcil\u201d, destacou a coordenadora do Comando Nacional dos Banc\u00e1rios e presidenta da Confedera\u00e7\u00e3o Nacional dos Trabalhadores do Ramo Financeiro (Contraf-CUT), Juvandia Moreira. \u201cTodo esse esfor\u00e7o reflete o hist\u00f3rico de luta e for\u00e7a das banc\u00e1rias e banc\u00e1rios que os bancos quiseram minar. Caso o resultado dessa negocia\u00e7\u00e3o seja aprovado pelas bases, vamos passar de 119 para 129 cl\u00e1usulas negociadas. Desse total, 116 s\u00e3o superiores \u00e0 lei, ou seja, inova\u00e7\u00f5es que n\u00e3o t\u00eam previs\u00e3o legal. Isso faz com que o acordo dos banc\u00e1rios continue sendo refer\u00eancia para as demais categorias\u201d, completou.<\/p>\n<p>Veja conquistas das cl\u00e1usulas econ\u00f4micas na tabela abaixo:<\/p>\n<section class=\"block__image\">\n<div class=\"container block__image-container--md\"><img decoding=\"async\" contenteditable=\"false\" src=\"https:\/\/contrafcut.com.br\/data\/files\/85\/80\/9B\/EF\/5E9A1910F4311819820808A8\/WhatsApp%20Image%202024-08-31%20at%2015.50.37.jpeg\" srcset=\"https:\/\/contrafcut.com.br\/data\/files\/85\/80\/9B\/EF\/5E9A1910F4311819820808A8\/img_WhatsApp%20Image%202024-08-31%20at%2015.50.37_gd.webp 640w, https:\/\/contrafcut.com.br\/data\/files\/85\/80\/9B\/EF\/5E9A1910F4311819820808A8\/img_WhatsApp%20Image%202024-08-31%20at%2015.50.37_md.webp 480w, https:\/\/contrafcut.com.br\/data\/files\/85\/80\/9B\/EF\/5E9A1910F4311819820808A8\/img_WhatsApp%20Image%202024-08-31%20at%2015.50.37_pq.webp 320w, https:\/\/contrafcut.com.br\/data\/files\/85\/80\/9B\/EF\/5E9A1910F4311819820808A8\/WhatsApp%20Image%202024-08-31%20at%2015.50.37.jpeg\" alt=\"Texto descritivo da imagem aqui\" \/><\/div>\n<\/section>\n<p>\u201cEntre as conquistas sociais deste ano, est\u00e3o o abono de aus\u00eancia para conserto ou reparo de pr\u00f3teses aos trabalhadores com defici\u00eancia; iniciativas de requalifica\u00e7\u00e3o para que os trabalhadores se adaptem \u00e0s mudan\u00e7as tecnol\u00f3gicas, com \u00eanfase \u00e0s mulheres; e Censo da Diversidade\u201d, destacou Juvandia.<\/p>\n<p>A tamb\u00e9m coordenadora do Comando Nacional, Neiva Ribeiro, ressaltou que sem uni\u00e3o a categoria n\u00e3o teria conseguido chegar ao resultado da proposta que ser\u00e1 agora submetida \u00e0s bases em assembleias. \u201cNossa resist\u00eancia na mesa e nossa uni\u00e3o e mobiliza\u00e7\u00e3o nas ruas e nas redes sociais foram fundamentais para que os bancos recuassem e consegu\u00edssemos arrancar uma proposta com ganhos reais, sem divis\u00e3o da categoria, com respeito \u00e0 data base dos banc\u00e1rios, e ainda avan\u00e7os em 10 novas cl\u00e1usulas\u201d, refor\u00e7ou.<\/p>\n<p><strong>Perspectiva de infla\u00e7\u00e3o<\/strong><\/p>\n<p>O Banco Central projeta uma varia\u00e7\u00e3o inflacion\u00e1ria de 0,05% para o m\u00eas de agosto. Mas essa estimativa tem sido revisada continuamente para baixo. No in\u00edcio de agosto, a previs\u00e3o era um INPC de 0,11%, o que representa o dobro do percentual atual. Enquanto que o IPCA-15, pr\u00e9via da infla\u00e7\u00e3o oficial, registrou queda nos pre\u00e7os do grupo de alimentos (-0,8%), componente de maior peso no INPC, \u00edndice comumente utilizado nas negocia\u00e7\u00f5es coletivas.<\/p>\n<p>Dos 387 itens da cesta de produtos analisados no IPCA-15, 42% apresentaram varia\u00e7\u00e3o negativa. Assim, h\u00e1 sinais de que o acumulado at\u00e9 a data-base, em 1\u00ba de setembro, fique abaixo de 3,91%, o que pode resultar em ganho real maior para a categoria.<\/p>\n<p>Caso esse cen\u00e1rio se confirme, a tend\u00eancia \u00e9 que o acumulado at\u00e9 a data-base, em 1\u00ba de setembro, ficar\u00e1 abaixo de 3,91%, o que pode resultar em ganho real maior para a categoria banc\u00e1ria.<br \/><strong><br \/>PLR e 13\u00aa cesta<\/strong><\/p>\n<p>O Comando conquistou ainda a antecipa\u00e7\u00e3o do pagamento da 13\u00aa cesta alimenta\u00e7\u00e3o para outubro e o pagamento da antecipa\u00e7\u00e3o da PLR ser\u00e1 em setembro. A Fenaban chegou a cogitar o pagamento das verbas somente em dezembro.<\/p>\n<section class=\"block__image\">\n<div class=\"container block__image-container--md\"><img decoding=\"async\" contenteditable=\"false\" src=\"https:\/\/contrafcut.com.br\/data\/files\/F5\/90\/6C\/B9\/7E9A1910F4311819820808A8\/WhatsApp%20Image%202024-08-31%20at%2010.44.29%20_1_.jpeg\" srcset=\"https:\/\/contrafcut.com.br\/data\/files\/F5\/90\/6C\/B9\/7E9A1910F4311819820808A8\/img_WhatsApp%20Image%202024-08-31%20at%2010.44.29%20_1__gd.webp 640w, https:\/\/contrafcut.com.br\/data\/files\/F5\/90\/6C\/B9\/7E9A1910F4311819820808A8\/img_WhatsApp%20Image%202024-08-31%20at%2010.44.29%20_1__md.webp 480w, https:\/\/contrafcut.com.br\/data\/files\/F5\/90\/6C\/B9\/7E9A1910F4311819820808A8\/img_WhatsApp%20Image%202024-08-31%20at%2010.44.29%20_1__pq.webp 320w, https:\/\/contrafcut.com.br\/data\/files\/F5\/90\/6C\/B9\/7E9A1910F4311819820808A8\/WhatsApp%20Image%202024-08-31%20at%2010.44.29%20_1_.jpeg\" alt=\"Texto descritivo da imagem aqui\" \/><\/div>\n<\/section>\n<p><strong>Assembleias<\/strong><\/p>\n<p>Sindicatos dos banc\u00e1rios de todo o pa\u00eds realizar\u00e3o assembleias na pr\u00f3xima a partir das 20h dessa quarta-feira (4) at\u00e9 \u00e0s 20h de quinta-feira (5) para que a categoria delibere sobre a proposta. O Comando Nacional indica a aprova\u00e7\u00e3o.<\/p>\n<p>As assembleias ser\u00e3o realizadas virtualmente por meio do VotaBem (<a href=\"https:\/\/bancarios.votabem.com.br\/\">https:\/\/bancarios.votabem.com.br<\/a>) e ser\u00e3o precedidas de plen\u00e1rias (presenciais, h\u00edbridas ou virtuais), para manifesta\u00e7\u00e3o de todas as banc\u00e1rias e banc\u00e1rios, s\u00f3cios ou n\u00e3o s\u00f3cios.<\/p>\n<p><strong>Verba de requalifica\u00e7\u00e3o<\/strong><\/p>\n<p>&#8211; Reajuste de 8%, com isso o valor passa a ser R$ 2.285,84<\/p>\n<p><strong>Piso de cont\u00ednuos e pessoal da portaria<\/strong><\/p>\n<p>&#8211; Reajuste salarial de 15%<\/p>\n<p><strong>Combate ao ass\u00e9dio moral, sexual e outras formas de viol\u00eancia no trabalho<\/strong><\/p>\n<p>&#8211; Pela primeira vez, os bancos concordaram em incluir explicitamente o termo &#8220;ass\u00e9dio moral&#8221; nas negocia\u00e7\u00f5es, atendendo a uma reivindica\u00e7\u00e3o hist\u00f3rica da categoria.<\/p>\n<p>&#8211; Ficou estabelecida uma manifesta\u00e7\u00e3o de rep\u00fadio contra qualquer tipo de viol\u00eancia no ambiente de trabalho, refor\u00e7ando o compromisso com um ambiente seguro e respeitoso.<\/p>\n<p>&#8211;\u00a0Cria\u00e7\u00e3o de um canal de apoio dedicado \u00e0s v\u00edtimas e de um canal espec\u00edfico para den\u00fancias de ass\u00e9dio e outras formas de viol\u00eancia, que incluir\u00e1 atendimento \u00e0s banc\u00e1rias v\u00edtimas de viol\u00eancia dom\u00e9stica.<\/p>\n<p><strong>Mulheres na tecnologia<\/strong><\/p>\n<p>Devido \u00e0 queda no n\u00famero de mulheres na categoria, em especial devido ao avan\u00e7o da tecnologia, onde elas ainda s\u00e3o minoria, o comando cobrou e conquistou:<\/p>\n<p>&#8211; Concess\u00e3o de 3.000 bolsas de curso para capacitar mulheres, pessoas trans e PCDs em programa\u00e7\u00e3o, visando aumentar a representatividade feminina no setor tecnol\u00f3gico, realizado pela Progra{maria}<\/p>\n<p>&#8211; Al\u00e9m disso, 100 bolsas ser\u00e3o oferecidas para programa intensivo de aprendizagem, voltado para a forma\u00e7\u00e3o avan\u00e7ada de mulheres na tecnologia, realizado pela Laborat\u00f3ria<\/p>\n<p>&#8211; Ex-banc\u00e1rias poder\u00e3o participar dos cursos<\/p>\n<p>&#8211; As indica\u00e7\u00f5es para \u00e0s vagas ter\u00e3o tamb\u00e9m a participa\u00e7\u00e3o dos sindicatos de todo o pa\u00eds<\/p>\n<p><strong>Pessoas com Defici\u00eancia (PCDs)<\/strong><\/p>\n<p>&#8211; Concess\u00e3o de abono de aus\u00eancia para conserto ou reparo de pr\u00f3teses, garantindo que trabalhadores com defici\u00eancia possam atender \u00e0s suas necessidades sem preju\u00edzo.<\/p>\n<p><strong>Preven\u00e7\u00e3o \u00e0 viol\u00eancia contra a mulher banc\u00e1ria<\/strong><\/p>\n<p>&#8211; Implementa\u00e7\u00e3o de um canal de apoio exclusivo e outras medidas espec\u00edficas para proteger as mulheres banc\u00e1rias contra viol\u00eancia, garantindo um ambiente de trabalho mais seguro.<\/p>\n<p><strong>Combate \u00e0 viol\u00eancia contra a mulher na sociedade<\/strong><\/p>\n<p>&#8211; Os bancos se comprometem a manifestar publicamente o rep\u00fadio \u00e0 viol\u00eancia contra a mulher, al\u00e9m de disseminar informa\u00e7\u00f5es e recursos para apoiar a preven\u00e7\u00e3o desse tipo de viol\u00eancia.<\/p>\n<p><strong>Igualdade salarial entre homens e mulheres<\/strong><\/p>\n<p>&#8211; Compromisso com a igualdade salarial entre g\u00eaneros<\/p>\n<p>&#8211; Ades\u00e3o ao Programa Empresa Cidad\u00e3, garantindo licen\u00e7a-maternidade de 180 dias e licen\u00e7a-paternidade de 20 dias<\/p>\n<p><strong>Mudan\u00e7as clim\u00e1ticas e calamidades<\/strong><\/p>\n<p>&#8211; Em caso de desastres naturais ou outras calamidades, ser\u00e1 garantida a cria\u00e7\u00e3o de um Comit\u00ea de Gest\u00e3o de Crise, quando solicitado pelo Comando Nacional dos Banc\u00e1rios.<\/p>\n<p>&#8211; O comit\u00ea ter\u00e1 a autoriza\u00e7\u00e3o pr\u00e9via para tomar decis\u00f5es necess\u00e1rias que assegurem a prote\u00e7\u00e3o e os direitos dos banc\u00e1rios afetados.<\/p>\n<p>&#8211; Implementa\u00e7\u00e3o de medidas trabalhistas espec\u00edficas durante situa\u00e7\u00f5es de calamidade para assegurar vida e o bem-estar dos trabalhadores.<\/p>\n<p><strong>Censo da categoria 2026<\/strong><\/p>\n<p>&#8211; A Fenaban se comprometeu a planejar em 2025 e realizar at\u00e9 o final de 2026 uma nova edi\u00e7\u00e3o do Censo da Diversidade do Setor Banc\u00e1rio, para mapear e promover a diversidade no setor.<\/p>\n<p><strong>Intelig\u00eancia artificial e requalifica\u00e7\u00e3o<\/strong><\/p>\n<p>&#8211; Iniciativas de requalifica\u00e7\u00e3o profissional para adaptar a for\u00e7a de trabalho \u00e0s novas demandas tecnol\u00f3gicas.<\/p>\n<p><strong>LGBTQIA+, com destaque para pessoas transg\u00eanero<\/strong><\/p>\n<p>&#8211; Os bancos refor\u00e7am seu rep\u00fadio \u00e0 discrimina\u00e7\u00e3o e garantem o uso do nome social para pessoas transg\u00eanero, antes mesmo da obten\u00e7\u00e3o do registro civil, promovendo um ambiente de trabalho inclusivo.<\/p>\n<p>\u00a0<\/p>\n<section class=\"block__image\">\n<div class=\"container block__image-container--md\"><img decoding=\"async\" contenteditable=\"false\" src=\"https:\/\/contrafcut.com.br\/data\/files\/95\/D0\/1C\/EA\/DE9A1910F4311819820808A8\/tabela_geral_campanha_2024.jpg\" srcset=\"https:\/\/contrafcut.com.br\/data\/files\/95\/D0\/1C\/EA\/DE9A1910F4311819820808A8\/img_tabela_geral_campanha_2024_gd.webp 640w, https:\/\/contrafcut.com.br\/data\/files\/95\/D0\/1C\/EA\/DE9A1910F4311819820808A8\/img_tabela_geral_campanha_2024_md.webp 480w, https:\/\/contrafcut.com.br\/data\/files\/95\/D0\/1C\/EA\/DE9A1910F4311819820808A8\/img_tabela_geral_campanha_2024_pq.webp 320w, https:\/\/contrafcut.com.br\/data\/files\/95\/D0\/1C\/EA\/DE9A1910F4311819820808A8\/tabela_geral_campanha_2024.jpg\" alt=\"Texto descritivo da imagem aqui\" \/><\/div>\n<\/section>\n<p><strong>Fonte: Contraf-CUT<\/strong><\/p>\n","protected":false},"excerpt":{"rendered":"<p>Ap\u00f3s 13 duras e longas rodadas de negocia\u00e7\u00f5es, iniciadas h\u00e1 quase dois meses e meio, o Comando Nacional dos Banc\u00e1rios arrancou, neste s\u00e1bado (31), proposta da Federa\u00e7\u00e3o Nacional dos Bancos (Fenaban), garantindo a unidade da categoria com manuten\u00e7\u00e3o de todos os direitos e amplia\u00e7\u00e3o de 10 novas cl\u00e1usulas para a renova\u00e7\u00e3o da Conven\u00e7\u00e3o Coletiva de [&hellip;]<\/p>\n","protected":false},"author":2,"featured_media":15723,"comment_status":"","ping_status":"","sticky":false,"template":"","format":"standard","meta":{"footnotes":""},"categories":[3],"tags":[],"class_list":["post-15724","post","type-post","status-publish","format-standard","has-post-thumbnail","hentry","category-noticias"],"_links":{"self":[{"href":"https:\/\/hostnetart.com.br\/baixada\/wp-json\/wp\/v2\/posts\/15724","targetHints":{"allow":["GET"]}}],"collection":[{"href":"https:\/\/hostnetart.com.br\/baixada\/wp-json\/wp\/v2\/posts"}],"about":[{"href":"https:\/\/hostnetart.com.br\/baixada\/wp-json\/wp\/v2\/types\/post"}],"author":[{"embeddable":true,"href":"https:\/\/hostnetart.com.br\/baixada\/wp-json\/wp\/v2\/users\/2"}],"replies":[{"embeddable":true,"href":"https:\/\/hostnetart.com.br\/baixada\/wp-json\/wp\/v2\/comments?post=15724"}],"version-history":[{"count":0,"href":"https:\/\/hostnetart.com.br\/baixada\/wp-json\/wp\/v2\/posts\/15724\/revisions"}],"wp:featuredmedia":[{"embeddable":true,"href":"https:\/\/hostnetart.com.br\/baixada\/wp-json\/wp\/v2\/media\/15723"}],"wp:attachment":[{"href":"https:\/\/hostnetart.com.br\/baixada\/wp-json\/wp\/v2\/media?parent=15724"}],"wp:term":[{"taxonomy":"category","embeddable":true,"href":"https:\/\/hostnetart.com.br\/baixada\/wp-json\/wp\/v2\/categories?post=15724"},{"taxonomy":"post_tag","embeddable":true,"href":"https:\/\/hostnetart.com.br\/baixada\/wp-json\/wp\/v2\/tags?post=15724"}],"curies":[{"name":"wp","href":"https:\/\/api.w.org\/{rel}","templated":true}]}}