{"id":15720,"date":"2024-08-30T00:55:47","date_gmt":"2024-08-30T03:55:47","guid":{"rendered":"https:\/\/hostnetart.com.br\/baixada\/caixa-cee-cobra-reducao-de-jornada-para-pcd\/"},"modified":"2024-08-30T00:55:47","modified_gmt":"2024-08-30T03:55:47","slug":"caixa-cee-cobra-reducao-de-jornada-para-pcd","status":"publish","type":"post","link":"https:\/\/hostnetart.com.br\/baixada\/caixa-cee-cobra-reducao-de-jornada-para-pcd\/","title":{"rendered":"Caixa: CEE cobra redu\u00e7\u00e3o de jornada para PcD"},"content":{"rendered":"<\/p>\n<p>Na retomada das negocia\u00e7\u00f5es com a Caixa Econ\u00f4mica Federal, na noite desta quinta-feira (29), a Comiss\u00e3o Executiva dos Empregados (CEE) cobrou que o banco apresente uma proposta que garanta o direito de redu\u00e7\u00e3o da jornada dos empregados que forem pessoas com defici\u00eancia (PcD), ou respons\u00e1veis por PcDs.<br \/>O banco ressaltou a necessidade de seguir um fluxo de acolhimento do pedido, com an\u00e1lise de equipe multidisciplinar, com diversos desdobramentos para o abono de at\u00e9 25% da jornada,\u00a0sem redu\u00e7\u00e3o salarial, e tamb\u00e9m para a concess\u00e3o do trabalho remoto.<br \/>No caso de respons\u00e1veis pelos cuidados de PcDs, depois das aus\u00eancias j\u00e1 constantes na CCT seria concedido o abono da jornada, com a possibilidade de utiliza\u00e7\u00e3o das horas de acompanhamento m\u00e9dico.<br \/>A CEE analisar\u00e1 a proposta e as negocia\u00e7\u00f5es ser\u00e3o retomadas nesta sexta-feira (29).<\/p>\n<h2><strong>Na mesa \u00fanica\u00a0<\/strong><\/h2>\n<p>\u201cVemos os esfor\u00e7os que est\u00e3o sendo feitos nesta mesa espec\u00edfica de negocia\u00e7\u00f5es com a Caixa. Pedimos que o banco tamb\u00e9m se esforce para a constru\u00e7\u00e3o de um \u00edndice que garanta aumento real para a categoria. Este \u00e9 um trabalho no qual a Caixa \u00e9 fundamental, uma vez que metade da categoria \u00e9 formada por banc\u00e1rios de bancos p\u00fablicos\u201d, ressaltou o diretor da Contraf-CUT e coordenador da CEE, Rafael de Castro.<\/p>\n<p><em>Fonte: Contraf-CUT<\/em><\/p>\n","protected":false},"excerpt":{"rendered":"<p>Na retomada das negocia\u00e7\u00f5es com a Caixa Econ\u00f4mica Federal, na noite desta quinta-feira (29), a Comiss\u00e3o Executiva dos Empregados (CEE) cobrou que o banco apresente uma proposta que garanta o direito de redu\u00e7\u00e3o da jornada dos empregados que forem pessoas com defici\u00eancia (PcD), ou respons\u00e1veis por PcDs.O banco ressaltou a necessidade de seguir um fluxo [&hellip;]<\/p>\n","protected":false},"author":2,"featured_media":15719,"comment_status":"","ping_status":"","sticky":false,"template":"","format":"standard","meta":{"footnotes":""},"categories":[3],"tags":[],"class_list":["post-15720","post","type-post","status-publish","format-standard","has-post-thumbnail","hentry","category-noticias"],"_links":{"self":[{"href":"https:\/\/hostnetart.com.br\/baixada\/wp-json\/wp\/v2\/posts\/15720","targetHints":{"allow":["GET"]}}],"collection":[{"href":"https:\/\/hostnetart.com.br\/baixada\/wp-json\/wp\/v2\/posts"}],"about":[{"href":"https:\/\/hostnetart.com.br\/baixada\/wp-json\/wp\/v2\/types\/post"}],"author":[{"embeddable":true,"href":"https:\/\/hostnetart.com.br\/baixada\/wp-json\/wp\/v2\/users\/2"}],"replies":[{"embeddable":true,"href":"https:\/\/hostnetart.com.br\/baixada\/wp-json\/wp\/v2\/comments?post=15720"}],"version-history":[{"count":0,"href":"https:\/\/hostnetart.com.br\/baixada\/wp-json\/wp\/v2\/posts\/15720\/revisions"}],"wp:featuredmedia":[{"embeddable":true,"href":"https:\/\/hostnetart.com.br\/baixada\/wp-json\/wp\/v2\/media\/15719"}],"wp:attachment":[{"href":"https:\/\/hostnetart.com.br\/baixada\/wp-json\/wp\/v2\/media?parent=15720"}],"wp:term":[{"taxonomy":"category","embeddable":true,"href":"https:\/\/hostnetart.com.br\/baixada\/wp-json\/wp\/v2\/categories?post=15720"},{"taxonomy":"post_tag","embeddable":true,"href":"https:\/\/hostnetart.com.br\/baixada\/wp-json\/wp\/v2\/tags?post=15720"}],"curies":[{"name":"wp","href":"https:\/\/api.w.org\/{rel}","templated":true}]}}