{"id":15716,"date":"2024-08-29T22:09:03","date_gmt":"2024-08-30T01:09:03","guid":{"rendered":"https:\/\/hostnetart.com.br\/baixada\/caixa-apresentou-propostas-de-beneficios\/"},"modified":"2024-08-29T22:09:03","modified_gmt":"2024-08-30T01:09:03","slug":"caixa-apresentou-propostas-de-beneficios","status":"publish","type":"post","link":"https:\/\/hostnetart.com.br\/baixada\/caixa-apresentou-propostas-de-beneficios\/","title":{"rendered":"Caixa apresentou propostas de benef\u00edcios"},"content":{"rendered":"<\/p>\n<p>A Caixa Econ\u00f4mica Federal apresentou, nesta quinta-feira (29), uma s\u00e9rie de propostas para cl\u00e1usulas de benef\u00edcios para a renova\u00e7\u00e3o do Acordo Coletivo de Trabalho (ACT) das empregadas e empregados. A representa\u00e7\u00e3o dos empregados fez algumas pondera\u00e7\u00f5es e as negocia\u00e7\u00f5es ser\u00e3o retomadas ainda esta noite.<\/p>\n<p>\u201cAinda existem diversas demandas n\u00e3o respondidas, mas a mesa de negocia\u00e7\u00f5es com a Caixa caminha com espa\u00e7o para novos avan\u00e7os, que esperamos ter resposta o quanto antes\u201d ressaltou o diretor da Contraf-CUT e coordenador da CEE\/Caixa, Rafael de Castro. \u201cMas refor\u00e7amos a necessidade de ampliar a mobiliza\u00e7\u00e3o devido aos rumos que est\u00e3o sendo tomados nas negocia\u00e7\u00f5es da mesa \u00fanica com a Fenaban\u201d, completou.<\/p>\n<p>Leia abaixo o que j\u00e1 foi negociado e acompanhe os sites e redes sociais da Contraf-CUT, sindicatos e federa\u00e7\u00f5es associadas para mais informa\u00e7\u00f5es sobre as negocia\u00e7\u00f5es desta noite com a Caixa.<\/p>\n<h2><strong>Adicional embarcado<\/strong><\/h2>\n<p>O banco aceita ampliar o pagamento do adicional embarcado concedido \u00e0s empregadas e empregados que trabalharem na modalidade de trabalho embarcado. Al\u00e9m disso, o banco aceitou corrigir o valor adicional por dia trabalhado, que hoje est\u00e1 em R$ 55, para R$ 100, com acr\u00e9scimo de at\u00e9 30% para quem trabalhar por tr\u00eas ciclos consecutivos conforme regras.<\/p>\n<p>A representa\u00e7\u00e3o dos empregados reivindicou que haja pol\u00edtica de corre\u00e7\u00e3o do valor, que est\u00e1 congelado faz nove anos. A Caixa vai analisar a quest\u00e3o.<\/p>\n<p>Os empregados tamb\u00e9m reivindicam que o per\u00edodo de folga de tr\u00eas dias, ap\u00f3s o per\u00edodo de trabalho embarcado, normalmente de 26 dias seguidos, precisa ser ampliado, para que o empregado, al\u00e9m de descansar, possa ter maior conv\u00edvio com a fam\u00edlia.<\/p>\n<p>Outra mudan\u00e7a ser\u00e1 a inclus\u00e3o do adicional embarcado no ACT. Hoje ele \u00e9 definido por norma interna.<\/p>\n<p>A Caixa vai analisar a quest\u00e3o, mas disse que o valor pode ser corrigido pelos \u00edndices definidos em mesa de negocia\u00e7\u00f5es para as cl\u00e1usulas econ\u00f4micas da Conven\u00e7\u00e3o Coletiva de Trabalho da categoria.<\/p>\n<p>Outra mudan\u00e7a ser\u00e1 a inclus\u00e3o do aux\u00edlio no ACT. Hoje ele \u00e9 definido por norma interna.<\/p>\n<h2><strong>Vale-transporte<\/strong><\/h2>\n<p>Ser\u00e1 inclu\u00edda no ACT uma cl\u00e1usula para que os empregados que n\u00e3o conseguem utilizar o vale-transporte por n\u00e3o haver transporte p\u00fablico entre sua resid\u00eancia e o trabalho, possam ter o valor gasto com o deslocamento reembolsado, descontados os mesmos 4% do sal\u00e1rio padr\u00e3o, conforme previsto no ACT, que \u00e9 descontado daqueles que utilizam o vale-transporte. O reembolso somente ser\u00e1 concedido \u00e0queles que n\u00e3o t\u00eam transporte coletivo dispon\u00edvel para ir ao trabalho. \u00c9 preciso que haja comprova\u00e7\u00e3o dos gastos, limitado a 200km\/dia e que haja ci\u00eancia do gestor.<\/p>\n<h2><strong>Aux\u00edlio-Calamidade<\/strong><\/h2>\n<p>Por reivindica\u00e7\u00e3o dos trabalhadores, o banco vai utilizar a experi\u00eancia bem-sucedida do aux\u00edlio calamidade obtido pelos empregados no Rio Grande do Sul para ampliar os cuidados com o quadro de pessoal da Caixa. Entre os direitos que ser\u00e3o inclu\u00eddos no ACT, est\u00e3o os adiantamentos de 10 sal\u00e1rios padr\u00e3o; de at\u00e9 cinco apips; e da 13\u00aa cesta alimenta\u00e7\u00e3o. Todos por op\u00e7\u00e3o do pr\u00f3prio empregado. Tamb\u00e9m haver\u00e1 maior facilidade para a concess\u00e3o dos adiantamentos, bastando a comprova\u00e7\u00e3o da resid\u00eancia no local afetado.<\/p>\n<p>Questionada, a Caixa explicou que houve mudan\u00e7a no sistema para que o adiantamento deixe de ser considerado empr\u00e9stimo, pois trata-se de adiantamento salarial.<\/p>\n<p>Os empregados reivindicam que o banco aproveite outros pontos da experi\u00eancia da calamidade do Rio Grande do Sul, como a pausa na cobran\u00e7a das parcelas de empr\u00e9stimos.<br \/>O banco disse que considerar\u00e1 tudo o que foi feito no caso dos banc\u00e1rios ga\u00fachos, mas que os demais pontos n\u00e3o precisam ser clausulados, pois podem ser avaliados caso a caso.<br \/>A representa\u00e7\u00e3o das empregadas e empregados pede que a cl\u00e1usula considere a intencionalidade do banco em conceder os mesmos direitos obtidos pelos empregados ga\u00fachos, conforme a necessidade.<\/p>\n<h2><strong>F\u00e9rias<\/strong><\/h2>\n<p>O banco acatou a reivindica\u00e7\u00e3o dos empregados para que o adiantamento do pagamento de f\u00e9rias seja opcional a cada empregado. O direito de parcelar o valor a ser devolvido em at\u00e9 10x sem juros continuar\u00e1 existindo, mas ser\u00e1 uma op\u00e7\u00e3o de cada empregado.<\/p>\n<p>Com rela\u00e7\u00e3o \u00e0s f\u00e9rias, os empregados tamb\u00e9m solicitam a redu\u00e7\u00e3o do per\u00edodo m\u00ednimo, que hoje \u00e9 de 14 dias, para 12 dias. A Caixa ficou de avaliar o pedido.<\/p>\n<h2><strong>Licen\u00e7a maternidade\/paternidade<\/strong><\/h2>\n<p>O banco tamb\u00e9m apresentou proposta para ampliar a equidade parental, para que os pais e m\u00e3es dividam mais equanimemente as responsabilidades com os cuidados com o beb\u00ea rec\u00e9m-nascido.<br \/><strong>Fonte: Contraf-CUT<\/strong><\/p>\n","protected":false},"excerpt":{"rendered":"<p>A Caixa Econ\u00f4mica Federal apresentou, nesta quinta-feira (29), uma s\u00e9rie de propostas para cl\u00e1usulas de benef\u00edcios para a renova\u00e7\u00e3o do Acordo Coletivo de Trabalho (ACT) das empregadas e empregados. A representa\u00e7\u00e3o dos empregados fez algumas pondera\u00e7\u00f5es e as negocia\u00e7\u00f5es ser\u00e3o retomadas ainda esta noite. \u201cAinda existem diversas demandas n\u00e3o respondidas, mas a mesa de negocia\u00e7\u00f5es [&hellip;]<\/p>\n","protected":false},"author":2,"featured_media":15715,"comment_status":"","ping_status":"","sticky":false,"template":"","format":"standard","meta":{"footnotes":""},"categories":[3],"tags":[],"class_list":["post-15716","post","type-post","status-publish","format-standard","has-post-thumbnail","hentry","category-noticias"],"_links":{"self":[{"href":"https:\/\/hostnetart.com.br\/baixada\/wp-json\/wp\/v2\/posts\/15716","targetHints":{"allow":["GET"]}}],"collection":[{"href":"https:\/\/hostnetart.com.br\/baixada\/wp-json\/wp\/v2\/posts"}],"about":[{"href":"https:\/\/hostnetart.com.br\/baixada\/wp-json\/wp\/v2\/types\/post"}],"author":[{"embeddable":true,"href":"https:\/\/hostnetart.com.br\/baixada\/wp-json\/wp\/v2\/users\/2"}],"replies":[{"embeddable":true,"href":"https:\/\/hostnetart.com.br\/baixada\/wp-json\/wp\/v2\/comments?post=15716"}],"version-history":[{"count":0,"href":"https:\/\/hostnetart.com.br\/baixada\/wp-json\/wp\/v2\/posts\/15716\/revisions"}],"wp:featuredmedia":[{"embeddable":true,"href":"https:\/\/hostnetart.com.br\/baixada\/wp-json\/wp\/v2\/media\/15715"}],"wp:attachment":[{"href":"https:\/\/hostnetart.com.br\/baixada\/wp-json\/wp\/v2\/media?parent=15716"}],"wp:term":[{"taxonomy":"category","embeddable":true,"href":"https:\/\/hostnetart.com.br\/baixada\/wp-json\/wp\/v2\/categories?post=15716"},{"taxonomy":"post_tag","embeddable":true,"href":"https:\/\/hostnetart.com.br\/baixada\/wp-json\/wp\/v2\/tags?post=15716"}],"curies":[{"name":"wp","href":"https:\/\/api.w.org\/{rel}","templated":true}]}}