{"id":15706,"date":"2024-08-28T13:29:29","date_gmt":"2024-08-28T16:29:29","guid":{"rendered":"https:\/\/hostnetart.com.br\/baixada\/dia-do-bancario-celebracao-de-uma-historia-de-conquistas-e-lutas\/"},"modified":"2024-08-28T13:29:29","modified_gmt":"2024-08-28T16:29:29","slug":"dia-do-bancario-celebracao-de-uma-historia-de-conquistas-e-lutas","status":"publish","type":"post","link":"https:\/\/hostnetart.com.br\/baixada\/dia-do-bancario-celebracao-de-uma-historia-de-conquistas-e-lutas\/","title":{"rendered":"Dia do Banc\u00e1rio: Celebra\u00e7\u00e3o de uma hist\u00f3ria de conquistas e lutas"},"content":{"rendered":"<p>Nesta quarta-feira (28), celebramos o Dia do Banc\u00e1rio, uma data significativa que marca as conquistas e a trajet\u00f3ria de luta das banc\u00e1rias e dos banc\u00e1rios em todo o Brasil. Oficializada em 1952, por delibera\u00e7\u00e3o do 4\u00ba Congresso Nacional dos Banc\u00e1rios, a data foi transformada em lei em 1964 e hoje \u00e9 feriado em mais de mil cidades brasileiras, reconhecida por legisla\u00e7\u00f5es municipais e estaduais.<\/p>\n<p>A hist\u00f3ria dos banc\u00e1rios \u00e9 marcada por vit\u00f3rias que servem de exemplo para outras categorias profissionais, n\u00e3o apenas no Brasil, mas ao redor do mundo. Um dos maiores marcos dessa trajet\u00f3ria \u00e9 a Conven\u00e7\u00e3o Coletiva de Trabalho (CCT), que completa 32 anos em 2024. A CCT dos banc\u00e1rios \u00e9 nacional e unificada, garantindo direitos que v\u00e3o al\u00e9m do previsto na Consolida\u00e7\u00e3o das Leis do Trabalho (CLT).<\/p>\n<p>Hoje, quando se fala em &#8220;CLT Premium,&#8221; muitos pensam nos banc\u00e1rios e seus direitos, como vale-refei\u00e7\u00e3o, plano de sa\u00fade, b\u00f4nus por desempenho, e at\u00e9 cursos pagos pelo empregador. No entanto, eles n\u00e3o foram dados de gra\u00e7a. \u00c9 crucial entender que esses direitos extras s\u00e3o frutos de muita luta e organiza\u00e7\u00e3o sindical. Eles foram conquistados ao longo de d\u00e9cadas de mobiliza\u00e7\u00f5es e negocia\u00e7\u00f5es, n\u00e3o s\u00f3 pelos banc\u00e1rios, mas por diversas categorias profissionais no Brasil.<\/p>\n<p>Neste contexto de conquistas hist\u00f3ricas, \u00e9 importante lembrar que o cen\u00e1rio do emprego no Brasil passa por transforma\u00e7\u00f5es significativas. O pa\u00eds registrou um boom de empregos, com quase 102 milh\u00f5es de pessoas trabalhando atualmente. A taxa de desemprego caiu de 7,3% para 6,9% no segundo trimestre de 2024, a menor para o per\u00edodo em dez anos, segundo a Pesquisa Nacional por Amostra de Domic\u00edlios (Pnad Cont\u00ednua), do IBGE. Esses n\u00fameros t\u00eam gerado debates, especialmente nas redes sociais, sobre o que \u00e9 melhor para os trabalhadores.<\/p>\n<p>Enquanto alguns defendem o emprego com carteira assinada, outros ainda confundem empreendedorismo com rela\u00e7\u00f5es de trabalho precarizadas, acreditando que a autonomia pode substituir a seguran\u00e7a oferecida pela CLT. No entanto, ter um contrato formal pela CLT garante uma s\u00e9rie de direitos fundamentais, como jornada de trabalho de at\u00e9 44 horas semanais, f\u00e9rias remuneradas, 13\u00ba sal\u00e1rio, FGTS, seguro-desemprego, licen\u00e7a-maternidade\/paternidade, entre outros.<\/p>\n<p>&#8220;Neste Dia do Banc\u00e1rio, \u00e9 fundamental reconhecer e celebrar a import\u00e2ncia dessas conquistas, que garantem n\u00e3o apenas melhores condi\u00e7\u00f5es de trabalho, mas tamb\u00e9m uma vida mais digna para milh\u00f5es de trabalhadores em todo o pa\u00eds. Que essa data inspire novas gera\u00e7\u00f5es a continuar lutando por mais direitos e melhores condi\u00e7\u00f5es de trabalho para todos&#8221;, afirmou a presidenta da Contraf-CUT, Juvandia Moreira.<\/p>\n<p>Fonte: Contraf-CUT<\/p>\n","protected":false},"excerpt":{"rendered":"<p>Nesta quarta-feira (28), celebramos o Dia do Banc\u00e1rio, uma data significativa que marca as conquistas e a trajet\u00f3ria de luta das banc\u00e1rias e dos banc\u00e1rios em todo o Brasil. Oficializada em 1952, por delibera\u00e7\u00e3o do 4\u00ba Congresso Nacional dos Banc\u00e1rios, a data foi transformada em lei em 1964 e hoje \u00e9 feriado em mais de [&hellip;]<\/p>\n","protected":false},"author":2,"featured_media":15705,"comment_status":"","ping_status":"","sticky":false,"template":"","format":"standard","meta":{"footnotes":""},"categories":[3],"tags":[],"class_list":["post-15706","post","type-post","status-publish","format-standard","has-post-thumbnail","hentry","category-noticias"],"_links":{"self":[{"href":"https:\/\/hostnetart.com.br\/baixada\/wp-json\/wp\/v2\/posts\/15706","targetHints":{"allow":["GET"]}}],"collection":[{"href":"https:\/\/hostnetart.com.br\/baixada\/wp-json\/wp\/v2\/posts"}],"about":[{"href":"https:\/\/hostnetart.com.br\/baixada\/wp-json\/wp\/v2\/types\/post"}],"author":[{"embeddable":true,"href":"https:\/\/hostnetart.com.br\/baixada\/wp-json\/wp\/v2\/users\/2"}],"replies":[{"embeddable":true,"href":"https:\/\/hostnetart.com.br\/baixada\/wp-json\/wp\/v2\/comments?post=15706"}],"version-history":[{"count":0,"href":"https:\/\/hostnetart.com.br\/baixada\/wp-json\/wp\/v2\/posts\/15706\/revisions"}],"wp:featuredmedia":[{"embeddable":true,"href":"https:\/\/hostnetart.com.br\/baixada\/wp-json\/wp\/v2\/media\/15705"}],"wp:attachment":[{"href":"https:\/\/hostnetart.com.br\/baixada\/wp-json\/wp\/v2\/media?parent=15706"}],"wp:term":[{"taxonomy":"category","embeddable":true,"href":"https:\/\/hostnetart.com.br\/baixada\/wp-json\/wp\/v2\/categories?post=15706"},{"taxonomy":"post_tag","embeddable":true,"href":"https:\/\/hostnetart.com.br\/baixada\/wp-json\/wp\/v2\/tags?post=15706"}],"curies":[{"name":"wp","href":"https:\/\/api.w.org\/{rel}","templated":true}]}}