{"id":15704,"date":"2024-08-28T13:26:27","date_gmt":"2024-08-28T16:26:27","guid":{"rendered":"https:\/\/hostnetart.com.br\/baixada\/cut-completa-41-anos-de-de-luta-pela-classe-trabalhadora\/"},"modified":"2024-08-28T13:26:27","modified_gmt":"2024-08-28T16:26:27","slug":"cut-completa-41-anos-de-de-luta-pela-classe-trabalhadora","status":"publish","type":"post","link":"https:\/\/hostnetart.com.br\/baixada\/cut-completa-41-anos-de-de-luta-pela-classe-trabalhadora\/","title":{"rendered":"CUT completa 41 anos de de Luta pela classe trabalhadora"},"content":{"rendered":"<p>Nesta quarta-feira, 28 de agosto, a maior central sindical da Am\u00e9rica Latina, a Central \u00danica dos Trabalhadores (CUT), celebra 41 anos de exist\u00eancia. Fundada em 1983, a CUT nasceu em um per\u00edodo crucial para a redemocratiza\u00e7\u00e3o do Brasil, consolidando-se como uma das principais vozes na defesa dos direitos dos trabalhadores.<\/p>\n<p>A CUT foi criada durante o 1\u00ba Congresso Nacional da Classe Trabalhadora (CONCLAT), realizado em S\u00e3o Bernardo do Campo, S\u00e3o Paulo. O evento reuniu mais de cinco mil trabalhadores de diversas regi\u00f5es do Brasil, marcando um momento decisivo na hist\u00f3ria sindical brasileira. Desde ent\u00e3o, a CUT tem se mantido firme na luta pelo fortalecimento da democracia, pelo desenvolvimento com distribui\u00e7\u00e3o de renda e pela valoriza\u00e7\u00e3o do trabalho.<\/p>\n<p>O papel dos banc\u00e1rios na constru\u00e7\u00e3o da CUT foi fundamental, assim como o apoio de diversas outras categorias profissionais que se uniram para garantir a representa\u00e7\u00e3o organizada dos trabalhadores na pol\u00edtica nacional. A Central se tornou um instrumento de luta, em busca de garantir que as vozes dos trabalhadores fossem ouvidas e respeitadas.<\/p>\n<p>Nesses 41 anos de exist\u00eancia, a entidade foi marcada por in\u00fameras mobiliza\u00e7\u00f5es e lutas em defesa dos trabalhadores: como greves por todo o Brasil por reajustes salariais, garantias no emprego e contra demiss\u00f5es e trabalhos precarizados; campanhas por trabalho, terra, moradia, sal\u00e1rio, previd\u00eancia p\u00fablica e caravanas em defesa da democracia, entre tantas outras. Para garantir o estado democr\u00e1tico de direito, a CUT esteve, por exemplo, no movimento \u201cDiretas J\u00e1\u201d que come\u00e7ou a tirar o Brasil das garras da ditadura militar. Esteve, tamb\u00e9m, junto \u00e0 popula\u00e7\u00e3o brasileira, nos atos que pediram o impeachment do ex-presidente Fernando Collor de Mello, protestou contra as medidas econ\u00f4micas neoliberais de FHC, contra a reforma trabalhista do presidente Michel Temer e contra as destrui\u00e7\u00f5es sociais macabras do \u00faltimo governo de extrema direita.<\/p>\n<p>Esses s\u00f3 s\u00e3o alguns dos exemplos das infinidades de a\u00e7\u00f5es em que a entidade marcou presen\u00e7a durante essas mais de quatro d\u00e9cadas de exist\u00eancia. Al\u00e9m de seu compromisso hist\u00f3rico com a classe trabalhadora, a CUT tamb\u00e9m se mant\u00e9m atenta aos desafios atuais que afetam o Brasil. Em 2024, a entidade, junto ao movimento sindical banc\u00e1rio, est\u00e1 na linha de frente da luta contra a alta da Selic, a taxa de juros oficial do pa\u00eds. Desde que o Banco Central se tornou independente, no governo anterior, e passou a ser comandado pelo neoliberal Roberto Campos Neto, a taxa de juros no Brasil se manteve entre as mais altas do mundo, apesar do controle da infla\u00e7\u00e3o e dos bons resultados econ\u00f4micos recentes.<\/p>\n<p>\u201cN\u00f3s temos um ditado no sindicato que diz assim, a CUT somos n\u00f3s, nossa for\u00e7a, nossa voz. Porque \u00e9 isso, em todas as lutas da classe trabalhadora, nos \u00faltimos 41 anos, a CUT esteve presente. E a CUT \u00e9 uma institui\u00e7\u00e3o que tem trabalhadores do campo, da cidade, do setor privado, do setor p\u00fablico, de todo esse Brasil. Das grandes capitais, dos interiores, tem o agricultor familiar. N\u00f3s temos o trabalhador rural, n\u00f3s temos o trabalhador da cidade, o servidor p\u00fablico, o trabalhador da educa\u00e7\u00e3o, da sa\u00fade. Ou seja, aquele trabalhador que est\u00e1 na vida do povo brasileiro, na vida da popula\u00e7\u00e3o, ajudando, auxiliando, e todas as lutas que s\u00e3o importantes para a vida desses trabalhadores s\u00e3o a luta da CUT. Parab\u00e9ns CUT, parab\u00e9ns \u00e0 nossa central \u00fanica dos trabalhadores e das trabalhadoras!\u201d, afirmou a presidenta da Contraf-CUT e vice-presidenta da CUT, Juvandia Moreira.<\/p>\n<p><strong>Fonte: Contraf-CUT<\/strong><\/p>\n","protected":false},"excerpt":{"rendered":"<p>Nesta quarta-feira, 28 de agosto, a maior central sindical da Am\u00e9rica Latina, a Central \u00danica dos Trabalhadores (CUT), celebra 41 anos de exist\u00eancia. Fundada em 1983, a CUT nasceu em um per\u00edodo crucial para a redemocratiza\u00e7\u00e3o do Brasil, consolidando-se como uma das principais vozes na defesa dos direitos dos trabalhadores. A CUT foi criada durante [&hellip;]<\/p>\n","protected":false},"author":2,"featured_media":15703,"comment_status":"","ping_status":"","sticky":false,"template":"","format":"standard","meta":{"footnotes":""},"categories":[3],"tags":[],"class_list":["post-15704","post","type-post","status-publish","format-standard","has-post-thumbnail","hentry","category-noticias"],"_links":{"self":[{"href":"https:\/\/hostnetart.com.br\/baixada\/wp-json\/wp\/v2\/posts\/15704","targetHints":{"allow":["GET"]}}],"collection":[{"href":"https:\/\/hostnetart.com.br\/baixada\/wp-json\/wp\/v2\/posts"}],"about":[{"href":"https:\/\/hostnetart.com.br\/baixada\/wp-json\/wp\/v2\/types\/post"}],"author":[{"embeddable":true,"href":"https:\/\/hostnetart.com.br\/baixada\/wp-json\/wp\/v2\/users\/2"}],"replies":[{"embeddable":true,"href":"https:\/\/hostnetart.com.br\/baixada\/wp-json\/wp\/v2\/comments?post=15704"}],"version-history":[{"count":0,"href":"https:\/\/hostnetart.com.br\/baixada\/wp-json\/wp\/v2\/posts\/15704\/revisions"}],"wp:featuredmedia":[{"embeddable":true,"href":"https:\/\/hostnetart.com.br\/baixada\/wp-json\/wp\/v2\/media\/15703"}],"wp:attachment":[{"href":"https:\/\/hostnetart.com.br\/baixada\/wp-json\/wp\/v2\/media?parent=15704"}],"wp:term":[{"taxonomy":"category","embeddable":true,"href":"https:\/\/hostnetart.com.br\/baixada\/wp-json\/wp\/v2\/categories?post=15704"},{"taxonomy":"post_tag","embeddable":true,"href":"https:\/\/hostnetart.com.br\/baixada\/wp-json\/wp\/v2\/tags?post=15704"}],"curies":[{"name":"wp","href":"https:\/\/api.w.org\/{rel}","templated":true}]}}