{"id":15702,"date":"2024-08-28T00:35:06","date_gmt":"2024-08-28T03:35:06","guid":{"rendered":"https:\/\/hostnetart.com.br\/baixada\/proposta-absurda-da-fenaban-apresenta-preve-prejuizo-de-mais-de-r-1-2-bilhao-aos-bancarios\/"},"modified":"2024-08-28T00:35:06","modified_gmt":"2024-08-28T03:35:06","slug":"proposta-absurda-da-fenaban-apresenta-preve-prejuizo-de-mais-de-r-1-2-bilhao-aos-bancarios","status":"publish","type":"post","link":"https:\/\/hostnetart.com.br\/baixada\/proposta-absurda-da-fenaban-apresenta-preve-prejuizo-de-mais-de-r-1-2-bilhao-aos-bancarios\/","title":{"rendered":"Proposta absurda da Fenaban apresenta prev\u00ea preju\u00edzo de mais de R$ 1,2 bilh\u00e3o aos banc\u00e1rios"},"content":{"rendered":"<\/p>\n<p>Na <strong>10\u00aa rodada de negocia\u00e7\u00f5es<\/strong> com o Comando Nacional dos Banc\u00e1rios, realizada nesta ter\u00e7a-feira, 27 de agosto, a Federa\u00e7\u00e3o Nacional dos Bancos (Fenaban) voltou a <strong>desvalorizar<\/strong> a categoria banc\u00e1ria e negou a reivindica\u00e7\u00e3o por aumento real.<\/p>\n<p>No in\u00edcio do encontro, a entidade prop\u00f4s reajuste de 90% do INPC, o que resultaria em perda salarial de 0,38%. O Comando rejeitou prontamente e uma pausa foi solicitada pelos bancos.<\/p>\n<p>No retorno, a entidade apresentou proposta de 100% do INPC nos sal\u00e1rios e demais verbas (portanto, de ganho real zero), somente em janeiro de 2025. Com essa proposta, a antecipa\u00e7\u00e3o da participa\u00e7\u00e3o nos lucros e resultados (PLR) ocorreria sem reajuste. O comando rejeitou novamente.<\/p>\n<p>Nilton Esperan\u00e7a, Presidente da Federa\u00e7\u00e3o dos Trabalhadores do Ramo Financeiro dos Estados do Rio de Janeiro e Esp\u00edrito Santo (<strong>Fetraf RJ\/ES<\/strong>), esteve presente na mesa de negocia\u00e7\u00e3o.<\/p>\n<p>Carlos Pereira (<strong>Carl\u00e3o<\/strong>), Secret\u00e1rio de Imprensa e Comunica\u00e7\u00e3o do Sindicato dos Banc\u00e1rios do <strong>Esp\u00edrito Santo<\/strong>, tamb\u00e9m participou da reuni\u00e3o.<\/p>\n<p>\u201cA proposta que os banqueiros apresentaram \u00e9 rid\u00edcula. Somente 100% do INPC. Com isso, s\u00f3 nos tickets, ir\u00e3o lucrar 993 bilh\u00f5es, sem contar a PLR. Um desrespeito total com a categoria! Temos, mais que nunca, manter nossa mobiliza\u00e7\u00e3o.\u201d, declarou Nilton Esperan\u00e7a, Presidente da Fetraf RJ\/ES.<\/p>\n<p>\u201cSem aumento real, sem aumento maior no VA\/VR e nas outras cl\u00e1usulas sociais, n\u00e3o aceitaremos este tipo de proposta na mesa. Precisamos nos organizar e mostrar nossa indigna\u00e7\u00e3o e nossa for\u00e7a, pois tamb\u00e9m somos respons\u00e1veis diretos dos lucros exorbitantes dos banqueiros. Exigimos respeito!\u201d completou.<\/p>\n<p>Pela proposta da Fenaban, \u00e9 como se cada banc\u00e1rio passasse para os bancos R$ 682 por m\u00eas, durante os quatro meses. Sem contar os ganhos relacionados aos encargos que os bancos deixariam de pagar entre setembro e dezembro, pelo n\u00e3o reajuste no per\u00edodo. \u201cOu seja, est\u00e3o querendo ganhar dinheiro \u00e0s custas dos funcion\u00e1rios. Um presente lament\u00e1vel dos bancos, diante da v\u00e9spera do dia nacional dos banc\u00e1rios\u201d, comentou coordenadora do comando e presidenta da Confedera\u00e7\u00e3o Nacional dos Trabalhadores do Ramo Financeiro (Contraf-CUT).<\/p>\n<p>E completou. \u201cN\u00e3o h\u00e1 nenhuma possibilidade de defender um acordo sem aumento real, imagine ainda um acordo com preju\u00edzos \u00e0 categoria. Com essa proposta de reajuste zero e deixando de aplicar o reajuste em setembro, mas somente em janeiro, os bancos retirariam do bolso das trabalhadoras e trabalhadores R$ 1,2 bilh\u00e3o, considerando sal\u00e1rios, segunda parcela do 13\u00ba, vale alimenta\u00e7\u00e3o e vale refei\u00e7\u00e3o e antecipa\u00e7\u00e3o da PLR\u201d.<\/p>\n<p>Diante da falta de empenho da Fenaban em concluir as negocia\u00e7\u00f5es, o Comando Nacional pontuou que estar\u00e1 em S\u00e3o Paulo para as negocia\u00e7\u00f5es at\u00e9 sexta, que \u00e9 o prazo que os bancos t\u00eam para apresentar uma proposta decente. As negocia\u00e7\u00f5es continuam amanh\u00e3, quarta-feira (28), a partir das 10h.<\/p>\n<p>O comando cobrou que, no pr\u00f3ximo encontro, os bancos respondam \u00e0s reivindica\u00e7\u00f5es sobre suporte aos pais de PCDs, o combate ao endividamento dos banc\u00e1rios, respeito ao direito \u00e0 desconex\u00e3o, combate \u00e0 terceiriza\u00e7\u00e3o, garantia dos empregos, amplia\u00e7\u00e3o do teletrabalho, al\u00e9m do aumento real da remunera\u00e7\u00e3o e PLR, entre outros pontos da minuta.<\/p>\n<p><strong>Manifesta\u00e7\u00f5es e assembleias<\/strong><\/p>\n<p>O Comando Nacional tirou um dia nacional de luta, para esta quarta (28). O coletivo tamb\u00e9m decidiu realizar assembleias no dia 4 de setembro, antecedidas de plen\u00e1rias, a partir das 18h, para que a categoria avalie propostas ou os rumos das mobiliza\u00e7\u00f5es.<\/p>\n<p><strong>Para Fenaban, a culpa \u00e9 dos banc\u00e1rios<\/strong><\/p>\n<p>A Fenaban culpou as trabalhadoras e trabalhadores \u201cpor encarecerem os produtos dos bancos\u201d e voltou a reclamar da concorr\u00eancia, sem dizer, entretanto, que muitos bancos s\u00e3o detentores de institui\u00e7\u00f5es de pagamentos.<\/p>\n<p>O comando rebateu e lembrou que as principais receitas dos bancos representam 10 vezes as despesas de pessoal, enquanto que, nas cooperativas, essa rela\u00e7\u00e3o \u00e9 de 7 para 1 e, nas institui\u00e7\u00f5es de pagamento de 1,3 para 1. Assim, mesmo que as despesas de pessoal dos bancos sejam superiores as das cooperativas e das institui\u00e7\u00f5es de pagamento, as receitas dos bancos s\u00e3o 15 vezes maiores que das cooperativas e 123 vezes maiores que das institui\u00e7\u00f5es de pagamento, segundo dados dos balan\u00e7os do 1\u00ba trimestre de 2024.<\/p>\n<p>A Fenaban disse ainda que a concorr\u00eancia no setor afeta o emprego banc\u00e1rio, argumento tamb\u00e9m desmontado pelos representantes dos trabalhadores, que observaram que o processo de plataformiza\u00e7\u00e3o (impulsionamento da inova\u00e7\u00e3o) nos bancos est\u00e1 sendo utilizando como estrat\u00e9gia para demitir e contratar trabalhadores terceirizados e aut\u00f4nomos. \u201cE mesmo que os banc\u00e1rios n\u00e3o tivessem reajustes, os bancos continuariam fechando ag\u00eancias e demitindo. E isso tem haver com gan\u00e2ncia e n\u00e3o com concorr\u00eancia\u201d, pontuou Juvandia.<\/p>\n<p>Por fim, os representantes dos bancos culparam as conquistas da Conven\u00e7\u00e3o Coletiva de Trabalho (CCT) pela redu\u00e7\u00e3o de trabalhadores no setor. \u201cEm um pa\u00eds em que dois da lista dos cinco novos bilion\u00e1rios da Forbes em 2024 s\u00e3o banqueiros, em que entre as 10 maiores empresas do pa\u00eds, cinco s\u00e3o bancos, al\u00e9m de desrespeitar o trabalhador com esses apontamentos, a Fenaban n\u00e3o demostra ter compromisso com o desenvolvimento do pa\u00eds\u201d, destacou Juvandia Moreira, voltando a lembrar que, s\u00f3 em 2023, os bancos tiveram lucro de R$ 145 bilh\u00f5es. \u201cEstamos falando de lucro, j\u00e1 descontados impostos, provis\u00f5es, gastos com funcion\u00e1rios e equipamentos\u201d, completou.<\/p>\n<p>A tamb\u00e9m coordenadora do Comando Nacional dos Banc\u00e1rios, Neiva Ribeiro, refor\u00e7ou que a categoria n\u00e3o ir\u00e1 aceitar uma proposta de reajuste que n\u00e3o seja de aumento real. \u201cEstamos falando do setor banc\u00e1rio, que nunca perde, mesmo em momentos de crise. Essas propostas de reajustes que imp\u00f5e perdas econ\u00f4micas para os trabalhadores, justamente os respons\u00e1veis pelos resultados dos bancos, \u00e9 inadmiss\u00edvel\u201d, concluiu.<\/p>\n<p><img fetchpriority=\"high\" decoding=\"async\" class=\"alignnone size-full wp-image-25354\" src=\"https:\/\/fetrafrjes.org.br\/wp-content\/uploads\/2024\/08\/a16e01d5-d1ee-4f86-8fbd-3d88052cf692.jpeg\" sizes=\"(max-width: 757px) 100vw, 757px\" srcset=\"https:\/\/fetrafrjes.org.br\/wp-content\/uploads\/2024\/08\/a16e01d5-d1ee-4f86-8fbd-3d88052cf692.jpeg 757w, https:\/\/fetrafrjes.org.br\/wp-content\/uploads\/2024\/08\/a16e01d5-d1ee-4f86-8fbd-3d88052cf692-600x490.jpeg 600w\" alt=\"\" width=\"757\" height=\"618\" \/><img decoding=\"async\" class=\"alignnone size-full wp-image-25355\" src=\"https:\/\/fetrafrjes.org.br\/wp-content\/uploads\/2024\/08\/dd9c3db5-9a3d-4f18-89b3-9cd5929c042e.jpeg\" sizes=\"(max-width: 1600px) 100vw, 1600px\" srcset=\"https:\/\/fetrafrjes.org.br\/wp-content\/uploads\/2024\/08\/dd9c3db5-9a3d-4f18-89b3-9cd5929c042e.jpeg 1600w, https:\/\/fetrafrjes.org.br\/wp-content\/uploads\/2024\/08\/dd9c3db5-9a3d-4f18-89b3-9cd5929c042e-600x400.jpeg 600w, https:\/\/fetrafrjes.org.br\/wp-content\/uploads\/2024\/08\/dd9c3db5-9a3d-4f18-89b3-9cd5929c042e-1024x682.jpeg 1024w, https:\/\/fetrafrjes.org.br\/wp-content\/uploads\/2024\/08\/dd9c3db5-9a3d-4f18-89b3-9cd5929c042e-768x512.jpeg 768w, https:\/\/fetrafrjes.org.br\/wp-content\/uploads\/2024\/08\/dd9c3db5-9a3d-4f18-89b3-9cd5929c042e-1536x1023.jpeg 1536w, https:\/\/fetrafrjes.org.br\/wp-content\/uploads\/2024\/08\/dd9c3db5-9a3d-4f18-89b3-9cd5929c042e-1200x800.jpeg 1200w\" alt=\"\" width=\"1600\" height=\"1066\" \/><img decoding=\"async\" class=\"alignnone size-full wp-image-25356\" src=\"https:\/\/fetrafrjes.org.br\/wp-content\/uploads\/2024\/08\/db815102-5d01-4865-99f8-759c9fa9b64e.jpeg\" sizes=\"(max-width: 1600px) 100vw, 1600px\" srcset=\"https:\/\/fetrafrjes.org.br\/wp-content\/uploads\/2024\/08\/db815102-5d01-4865-99f8-759c9fa9b64e.jpeg 1600w, https:\/\/fetrafrjes.org.br\/wp-content\/uploads\/2024\/08\/db815102-5d01-4865-99f8-759c9fa9b64e-600x400.jpeg 600w, https:\/\/fetrafrjes.org.br\/wp-content\/uploads\/2024\/08\/db815102-5d01-4865-99f8-759c9fa9b64e-1024x682.jpeg 1024w, https:\/\/fetrafrjes.org.br\/wp-content\/uploads\/2024\/08\/db815102-5d01-4865-99f8-759c9fa9b64e-768x512.jpeg 768w, https:\/\/fetrafrjes.org.br\/wp-content\/uploads\/2024\/08\/db815102-5d01-4865-99f8-759c9fa9b64e-1536x1023.jpeg 1536w, https:\/\/fetrafrjes.org.br\/wp-content\/uploads\/2024\/08\/db815102-5d01-4865-99f8-759c9fa9b64e-1200x800.jpeg 1200w\" alt=\"\" width=\"1600\" height=\"1066\" \/><img loading=\"lazy\" decoding=\"async\" class=\"alignnone size-full wp-image-25357\" src=\"https:\/\/fetrafrjes.org.br\/wp-content\/uploads\/2024\/08\/15c0ec22-3d9f-4d3a-8586-58036950c580.jpeg\" sizes=\"(max-width: 1600px) 100vw, 1600px\" srcset=\"https:\/\/fetrafrjes.org.br\/wp-content\/uploads\/2024\/08\/15c0ec22-3d9f-4d3a-8586-58036950c580.jpeg 1600w, https:\/\/fetrafrjes.org.br\/wp-content\/uploads\/2024\/08\/15c0ec22-3d9f-4d3a-8586-58036950c580-600x400.jpeg 600w, https:\/\/fetrafrjes.org.br\/wp-content\/uploads\/2024\/08\/15c0ec22-3d9f-4d3a-8586-58036950c580-1024x682.jpeg 1024w, https:\/\/fetrafrjes.org.br\/wp-content\/uploads\/2024\/08\/15c0ec22-3d9f-4d3a-8586-58036950c580-768x512.jpeg 768w, https:\/\/fetrafrjes.org.br\/wp-content\/uploads\/2024\/08\/15c0ec22-3d9f-4d3a-8586-58036950c580-1536x1023.jpeg 1536w, https:\/\/fetrafrjes.org.br\/wp-content\/uploads\/2024\/08\/15c0ec22-3d9f-4d3a-8586-58036950c580-1200x800.jpeg 1200w\" alt=\"\" width=\"1600\" height=\"1066\" \/><\/p>\n<p>*<em>com informa\u00e7\u00f5es da Contraf-CUT e da Fetraf RJ\/ES<\/em><\/p>\n","protected":false},"excerpt":{"rendered":"<p>Na 10\u00aa rodada de negocia\u00e7\u00f5es com o Comando Nacional dos Banc\u00e1rios, realizada nesta ter\u00e7a-feira, 27 de agosto, a Federa\u00e7\u00e3o Nacional dos Bancos (Fenaban) voltou a desvalorizar a categoria banc\u00e1ria e negou a reivindica\u00e7\u00e3o por aumento real. No in\u00edcio do encontro, a entidade prop\u00f4s reajuste de 90% do INPC, o que resultaria em perda salarial de [&hellip;]<\/p>\n","protected":false},"author":2,"featured_media":15701,"comment_status":"","ping_status":"","sticky":false,"template":"","format":"standard","meta":{"footnotes":""},"categories":[3],"tags":[],"class_list":["post-15702","post","type-post","status-publish","format-standard","has-post-thumbnail","hentry","category-noticias"],"_links":{"self":[{"href":"https:\/\/hostnetart.com.br\/baixada\/wp-json\/wp\/v2\/posts\/15702","targetHints":{"allow":["GET"]}}],"collection":[{"href":"https:\/\/hostnetart.com.br\/baixada\/wp-json\/wp\/v2\/posts"}],"about":[{"href":"https:\/\/hostnetart.com.br\/baixada\/wp-json\/wp\/v2\/types\/post"}],"author":[{"embeddable":true,"href":"https:\/\/hostnetart.com.br\/baixada\/wp-json\/wp\/v2\/users\/2"}],"replies":[{"embeddable":true,"href":"https:\/\/hostnetart.com.br\/baixada\/wp-json\/wp\/v2\/comments?post=15702"}],"version-history":[{"count":0,"href":"https:\/\/hostnetart.com.br\/baixada\/wp-json\/wp\/v2\/posts\/15702\/revisions"}],"wp:featuredmedia":[{"embeddable":true,"href":"https:\/\/hostnetart.com.br\/baixada\/wp-json\/wp\/v2\/media\/15701"}],"wp:attachment":[{"href":"https:\/\/hostnetart.com.br\/baixada\/wp-json\/wp\/v2\/media?parent=15702"}],"wp:term":[{"taxonomy":"category","embeddable":true,"href":"https:\/\/hostnetart.com.br\/baixada\/wp-json\/wp\/v2\/categories?post=15702"},{"taxonomy":"post_tag","embeddable":true,"href":"https:\/\/hostnetart.com.br\/baixada\/wp-json\/wp\/v2\/tags?post=15702"}],"curies":[{"name":"wp","href":"https:\/\/api.w.org\/{rel}","templated":true}]}}