{"id":15696,"date":"2024-08-26T09:38:04","date_gmt":"2024-08-26T12:38:04","guid":{"rendered":"https:\/\/hostnetart.com.br\/baixada\/bancarios-usarao-roupa-preta-nesta-segunda-26-8-para-protestar-contra-os-bancos\/"},"modified":"2024-08-26T09:38:04","modified_gmt":"2024-08-26T12:38:04","slug":"bancarios-usarao-roupa-preta-nesta-segunda-26-8-para-protestar-contra-os-bancos","status":"publish","type":"post","link":"https:\/\/hostnetart.com.br\/baixada\/bancarios-usarao-roupa-preta-nesta-segunda-26-8-para-protestar-contra-os-bancos\/","title":{"rendered":"Banc\u00e1rios usar\u00e3o roupa preta nesta segunda (26\/8) para protestar contra os bancos"},"content":{"rendered":"<\/p>\n<p>Nesta segunda-feira, 26 de agosto, banc\u00e1rias e banc\u00e1rios de todo o pa\u00eds ir\u00e3o realizar mais um Dia de Luta\u00a0em defesa da categoria.<\/p>\n<p>Neste dia, os trabalhadores ir\u00e3o vestir preto contra a enrola\u00e7\u00e3o da Fenaban (Federa\u00e7\u00e3o Nacional dos Bancos) que, at\u00e9 o momento, n\u00e3o apresentou\u00a0uma proposta global digna para toda a categoria.<\/p>\n<p>A manifesta\u00e7\u00e3o ocorre na v\u00e9spera de uma nova negocia\u00e7\u00e3o do Comando Nacional dos Banc\u00e1rios e\u00a0a Fenaban, nesta ter\u00e7a (27).<\/p>\n<\/p>\n<p><strong>Reivindica\u00e7\u00f5es da categoria<\/strong><\/p>\n<p>&#8211; Reajuste salarial que corresponda \u00e0 reposi\u00e7\u00e3o pelo INPC acumulado entre setembro de 2023 e agosto de 2024, acrescido do aumento real de 5%;<br \/>&#8211; Melhoria nos percentuais da Participa\u00e7\u00e3o nos Lucros e Resultados (PLR);<br \/>&#8211; E melhorias nas demais verbas, incluindo tickets alimenta\u00e7\u00e3o e refei\u00e7\u00e3o, aux\u00edlio creche e aux\u00edlio bab\u00e1.<\/p>\n<p>Os trabalhadores reivindicam ainda:<br \/>&#8211; Fim da gest\u00e3o por metas abusivas, que tem gerado adoecimento na categoria;<br \/>&#8211; Refor\u00e7o aos mecanismos de combate ao ass\u00e9dio moral e sexual;<br \/>&#8211; Direito \u00e0 desconex\u00e3o fora do hor\u00e1rio de trabalho;<br \/>&#8211; Direitos para pessoas com defici\u00eancia (PCDs) e neurodivergentes;<br \/>&#8211; Suporte aos pais e m\u00e3es de filhos com defici\u00eancia;<br \/>&#8211; Mais mulheres na TI;<br \/>&#8211; Combate \u00e0 terceiriza\u00e7\u00e3o e garantia de empregos;<br \/>&#8211; Jornada de trabalho de quatro dias;<br \/>&#8211; Amplia\u00e7\u00e3o do teletrabalho.<\/p>\n<p>\u00a0<\/p>\n","protected":false},"excerpt":{"rendered":"<p>Nesta segunda-feira, 26 de agosto, banc\u00e1rias e banc\u00e1rios de todo o pa\u00eds ir\u00e3o realizar mais um Dia de Luta\u00a0em defesa da categoria. Neste dia, os trabalhadores ir\u00e3o vestir preto contra a enrola\u00e7\u00e3o da Fenaban (Federa\u00e7\u00e3o Nacional dos Bancos) que, at\u00e9 o momento, n\u00e3o apresentou\u00a0uma proposta global digna para toda a categoria. A manifesta\u00e7\u00e3o ocorre na [&hellip;]<\/p>\n","protected":false},"author":2,"featured_media":15695,"comment_status":"","ping_status":"","sticky":false,"template":"","format":"standard","meta":{"footnotes":""},"categories":[3],"tags":[],"class_list":["post-15696","post","type-post","status-publish","format-standard","has-post-thumbnail","hentry","category-noticias"],"_links":{"self":[{"href":"https:\/\/hostnetart.com.br\/baixada\/wp-json\/wp\/v2\/posts\/15696","targetHints":{"allow":["GET"]}}],"collection":[{"href":"https:\/\/hostnetart.com.br\/baixada\/wp-json\/wp\/v2\/posts"}],"about":[{"href":"https:\/\/hostnetart.com.br\/baixada\/wp-json\/wp\/v2\/types\/post"}],"author":[{"embeddable":true,"href":"https:\/\/hostnetart.com.br\/baixada\/wp-json\/wp\/v2\/users\/2"}],"replies":[{"embeddable":true,"href":"https:\/\/hostnetart.com.br\/baixada\/wp-json\/wp\/v2\/comments?post=15696"}],"version-history":[{"count":0,"href":"https:\/\/hostnetart.com.br\/baixada\/wp-json\/wp\/v2\/posts\/15696\/revisions"}],"wp:featuredmedia":[{"embeddable":true,"href":"https:\/\/hostnetart.com.br\/baixada\/wp-json\/wp\/v2\/media\/15695"}],"wp:attachment":[{"href":"https:\/\/hostnetart.com.br\/baixada\/wp-json\/wp\/v2\/media?parent=15696"}],"wp:term":[{"taxonomy":"category","embeddable":true,"href":"https:\/\/hostnetart.com.br\/baixada\/wp-json\/wp\/v2\/categories?post=15696"},{"taxonomy":"post_tag","embeddable":true,"href":"https:\/\/hostnetart.com.br\/baixada\/wp-json\/wp\/v2\/tags?post=15696"}],"curies":[{"name":"wp","href":"https:\/\/api.w.org\/{rel}","templated":true}]}}