{"id":15692,"date":"2024-08-23T16:57:00","date_gmt":"2024-08-23T19:57:00","guid":{"rendered":"https:\/\/hostnetart.com.br\/baixada\/fenacrefi-persiste-em-propostas-insuficientes-e-causa-impasse-nas-negociacoes-com-financiarios\/"},"modified":"2024-08-23T16:57:00","modified_gmt":"2024-08-23T19:57:00","slug":"fenacrefi-persiste-em-propostas-insuficientes-e-causa-impasse-nas-negociacoes-com-financiarios","status":"publish","type":"post","link":"https:\/\/hostnetart.com.br\/baixada\/fenacrefi-persiste-em-propostas-insuficientes-e-causa-impasse-nas-negociacoes-com-financiarios\/","title":{"rendered":"Fenacrefi persiste em propostas insuficientes e causa impasse nas negocia\u00e7\u00f5es com financi\u00e1rios"},"content":{"rendered":"<h1>\u00a0<\/h1>\n<p>A Federa\u00e7\u00e3o Interestadual das Institui\u00e7\u00f5es de Cr\u00e9dito, Financiamento e Investimento (Fenacrefi) continua a desrespeitar os direitos dos financi\u00e1rios ao insistir em propostas que n\u00e3o atendem \u00e0s demandas da categoria. Em nova rodada de negocia\u00e7\u00f5es, realizada na manh\u00e3 desta quinta-feira (22), a Fenacrefi repetiu a proposta previamente rejeitada, que prev\u00ea o pagamento de Participa\u00e7\u00e3o nos Lucros e Resultados (PLR) de at\u00e9 5% do lucro da empresa, com teto de 1,8 sal\u00e1rio. Essa oferta, caso aceita, reduziria os ganhos de trabalhadores que possuem sal\u00e1rios mais baixos e que, frequentemente, s\u00e3o os que mais se dedicam.<\/p>\n<p>Al\u00e9m disso, a Fenacrefi manteve a proposta de reajuste salarial correspondente a apenas 80% do \u00cdndice Nacional de Pre\u00e7os ao Consumidor (INPC), limitando a recomposi\u00e7\u00e3o total apenas aos vales refei\u00e7\u00e3o e alimenta\u00e7\u00e3o. A oferta foi prontamente recusada pelo Coletivo Nacional dos Financi\u00e1rios da Contraf-CUT, que reafirmou a import\u00e2ncia de ganhos reais para a categoria. &#8220;Ganho real \u00e9 muito importante. N\u00e3o aceitaremos retirada de direitos ou rebaixamento nos ganhos dos financi\u00e1rios&#8221;, declarou Magaly Fagundes, secret\u00e1ria de Organiza\u00e7\u00e3o do Ramo Financeiro e Pol\u00edtica Sindical da Contraf-CUT.<\/p>\n<p><span style=\"text-decoration: underline;\">Cl\u00e1usulas sociais em aberto<\/span><\/p>\n<p>Apesar de ter acenado positivamente para algumas das reivindica\u00e7\u00f5es dos trabalhadores, a Fenacrefi n\u00e3o apresentou uma reda\u00e7\u00e3o final das cl\u00e1usulas sociais para aprova\u00e7\u00e3o antes da inclus\u00e3o na Conven\u00e7\u00e3o Coletiva de Trabalho (CCT). Jair Alves, coordenador do Coletivo Nacional dos Financi\u00e1rios, destacou a necessidade de uma proposta concreta. &#8220;Eles sinalizaram positivamente para os pontos, mas n\u00e3o podemos avan\u00e7ar sem a reda\u00e7\u00e3o final que far\u00e1 parte da CCT&#8221;, esclareceu.<\/p>\n<p>A continuidade do impasse evidencia a falta de compromisso da Fenacrefi em atender de maneira justa e respeitosa as demandas dos financi\u00e1rios, que seguem firmes na defesa de seus direitos.<\/p>\n<p>As negocia\u00e7\u00f5es entre as partes devem ser retomadas em setembro, daqui a duas semanas, no dia 5 de setembro.<\/p>\n<p><strong>Fonte: Contraf-CUT<\/strong><\/p>\n","protected":false},"excerpt":{"rendered":"<p>\u00a0 A Federa\u00e7\u00e3o Interestadual das Institui\u00e7\u00f5es de Cr\u00e9dito, Financiamento e Investimento (Fenacrefi) continua a desrespeitar os direitos dos financi\u00e1rios ao insistir em propostas que n\u00e3o atendem \u00e0s demandas da categoria. Em nova rodada de negocia\u00e7\u00f5es, realizada na manh\u00e3 desta quinta-feira (22), a Fenacrefi repetiu a proposta previamente rejeitada, que prev\u00ea o pagamento de Participa\u00e7\u00e3o nos [&hellip;]<\/p>\n","protected":false},"author":2,"featured_media":15691,"comment_status":"","ping_status":"","sticky":false,"template":"","format":"standard","meta":{"footnotes":""},"categories":[3],"tags":[],"class_list":["post-15692","post","type-post","status-publish","format-standard","has-post-thumbnail","hentry","category-noticias"],"_links":{"self":[{"href":"https:\/\/hostnetart.com.br\/baixada\/wp-json\/wp\/v2\/posts\/15692","targetHints":{"allow":["GET"]}}],"collection":[{"href":"https:\/\/hostnetart.com.br\/baixada\/wp-json\/wp\/v2\/posts"}],"about":[{"href":"https:\/\/hostnetart.com.br\/baixada\/wp-json\/wp\/v2\/types\/post"}],"author":[{"embeddable":true,"href":"https:\/\/hostnetart.com.br\/baixada\/wp-json\/wp\/v2\/users\/2"}],"replies":[{"embeddable":true,"href":"https:\/\/hostnetart.com.br\/baixada\/wp-json\/wp\/v2\/comments?post=15692"}],"version-history":[{"count":0,"href":"https:\/\/hostnetart.com.br\/baixada\/wp-json\/wp\/v2\/posts\/15692\/revisions"}],"wp:featuredmedia":[{"embeddable":true,"href":"https:\/\/hostnetart.com.br\/baixada\/wp-json\/wp\/v2\/media\/15691"}],"wp:attachment":[{"href":"https:\/\/hostnetart.com.br\/baixada\/wp-json\/wp\/v2\/media?parent=15692"}],"wp:term":[{"taxonomy":"category","embeddable":true,"href":"https:\/\/hostnetart.com.br\/baixada\/wp-json\/wp\/v2\/categories?post=15692"},{"taxonomy":"post_tag","embeddable":true,"href":"https:\/\/hostnetart.com.br\/baixada\/wp-json\/wp\/v2\/tags?post=15692"}],"curies":[{"name":"wp","href":"https:\/\/api.w.org\/{rel}","templated":true}]}}