{"id":15686,"date":"2024-08-23T16:51:31","date_gmt":"2024-08-23T19:51:31","guid":{"rendered":"https:\/\/hostnetart.com.br\/baixada\/nota-de-repudio-ao-santander-por-usar-pm-contra-trabalhadores\/"},"modified":"2024-08-23T16:51:31","modified_gmt":"2024-08-23T19:51:31","slug":"nota-de-repudio-ao-santander-por-usar-pm-contra-trabalhadores","status":"publish","type":"post","link":"https:\/\/hostnetart.com.br\/baixada\/nota-de-repudio-ao-santander-por-usar-pm-contra-trabalhadores\/","title":{"rendered":"Nota de rep\u00fadio ao Santander por usar PM contra trabalhadores"},"content":{"rendered":"<p>A Confedera\u00e7\u00e3o Nacional dos Trabalhadores e das Trabalhadoras do Ramo Financeiro (Contraf-CUT) repudia veementemente o banco Santander pelo uso da Pol\u00edcia Militar contra banc\u00e1rias e banc\u00e1rios.<\/p>\n<p>Trabalhadores foram reprimidos com cassetetes, g\u00e1s de pimenta e armas de choque el\u00e9trico em seu direito constitucional de manifesta\u00e7\u00e3o na unidade Radar Santander, localizada na capital paulista, na manh\u00e3 desta quinta-feira (22). Os protestos pac\u00edficos eram contra a contrata\u00e7\u00e3o fraudulenta de m\u00e3o de obra, mascarada em terceiriza\u00e7\u00f5es, que precarizam conquistas trabalhistas.<\/p>\n<p>Por que o uso da pol\u00edcia, paga com dinheiro p\u00fablico, contra trabalhadores, Santander?\u00a0Mulheres foram agredidas, colegas foram derrubados no ch\u00e3o e detidos para delegacia.<\/p>\n<p>A resposta truculenta do banco exp\u00f4s ainda mais a face lament\u00e1vel do Santander que, ao inv\u00e9s de responder \u00e0s reivindica\u00e7\u00f5es da categoria contra as contrata\u00e7\u00f5es fraudulentas de m\u00e3o de obra, por reajuste real nas remunera\u00e7\u00f5es e fim da cobran\u00e7a de metas abusivas, coleciona reclama\u00e7\u00f5es trabalhista, tendo sido\u00a0<a href=\"https:\/\/www.conjur.com.br\/2024-abr-11\/santander-e-condenado-por-negligenciar-saude-mental-dos-empregados\/\">condenado na Justi\u00e7a por negligenciar a sa\u00fade mental dos empregados<\/a>.<\/p>\n<p>N\u00e3o vamos nos calar, mas nos fortalecer em solidariedade \u00e0 toda a categoria, aos banc\u00e1rios e banc\u00e1rias agredidos e ao Sindicato dos Banc\u00e1rios de S\u00e3o Paulo, Osasco e Regi\u00e3o (Seeb-SP), que esteve na linha de frente dos protestos pac\u00edficos reprimidos de forma violenta.<\/p>\n<p>Contraf-CUT<br \/>S\u00e3o Paulo (SP), 22 de agosto de 2024<\/p>\n","protected":false},"excerpt":{"rendered":"<p>A Confedera\u00e7\u00e3o Nacional dos Trabalhadores e das Trabalhadoras do Ramo Financeiro (Contraf-CUT) repudia veementemente o banco Santander pelo uso da Pol\u00edcia Militar contra banc\u00e1rias e banc\u00e1rios. Trabalhadores foram reprimidos com cassetetes, g\u00e1s de pimenta e armas de choque el\u00e9trico em seu direito constitucional de manifesta\u00e7\u00e3o na unidade Radar Santander, localizada na capital paulista, na manh\u00e3 [&hellip;]<\/p>\n","protected":false},"author":2,"featured_media":15685,"comment_status":"","ping_status":"","sticky":false,"template":"","format":"standard","meta":{"footnotes":""},"categories":[3],"tags":[],"class_list":["post-15686","post","type-post","status-publish","format-standard","has-post-thumbnail","hentry","category-noticias"],"_links":{"self":[{"href":"https:\/\/hostnetart.com.br\/baixada\/wp-json\/wp\/v2\/posts\/15686","targetHints":{"allow":["GET"]}}],"collection":[{"href":"https:\/\/hostnetart.com.br\/baixada\/wp-json\/wp\/v2\/posts"}],"about":[{"href":"https:\/\/hostnetart.com.br\/baixada\/wp-json\/wp\/v2\/types\/post"}],"author":[{"embeddable":true,"href":"https:\/\/hostnetart.com.br\/baixada\/wp-json\/wp\/v2\/users\/2"}],"replies":[{"embeddable":true,"href":"https:\/\/hostnetart.com.br\/baixada\/wp-json\/wp\/v2\/comments?post=15686"}],"version-history":[{"count":0,"href":"https:\/\/hostnetart.com.br\/baixada\/wp-json\/wp\/v2\/posts\/15686\/revisions"}],"wp:featuredmedia":[{"embeddable":true,"href":"https:\/\/hostnetart.com.br\/baixada\/wp-json\/wp\/v2\/media\/15685"}],"wp:attachment":[{"href":"https:\/\/hostnetart.com.br\/baixada\/wp-json\/wp\/v2\/media?parent=15686"}],"wp:term":[{"taxonomy":"category","embeddable":true,"href":"https:\/\/hostnetart.com.br\/baixada\/wp-json\/wp\/v2\/categories?post=15686"},{"taxonomy":"post_tag","embeddable":true,"href":"https:\/\/hostnetart.com.br\/baixada\/wp-json\/wp\/v2\/tags?post=15686"}],"curies":[{"name":"wp","href":"https:\/\/api.w.org\/{rel}","templated":true}]}}