{"id":15682,"date":"2024-08-23T16:48:33","date_gmt":"2024-08-23T19:48:33","guid":{"rendered":"https:\/\/hostnetart.com.br\/baixada\/em-nova-rodada-de-negociacao-especifica-bb-sinaliza-avancos\/"},"modified":"2024-08-23T16:48:33","modified_gmt":"2024-08-23T19:48:33","slug":"em-nova-rodada-de-negociacao-especifica-bb-sinaliza-avancos","status":"publish","type":"post","link":"https:\/\/hostnetart.com.br\/baixada\/em-nova-rodada-de-negociacao-especifica-bb-sinaliza-avancos\/","title":{"rendered":"Em nova rodada de negocia\u00e7\u00e3o espec\u00edfica, BB sinaliza avan\u00e7os"},"content":{"rendered":"<p>A oitava rodada de negocia\u00e7\u00e3o espec\u00edfica da Campanha Nacional 2024, realizada nesta quinta-feira (22) entre a Comiss\u00e3o de Empresa dos Funcion\u00e1rios do Banco do Brasil (CEBB) e os representantes do banco, embora n\u00e3o tenha apresentado propostas concretas que atendam as expectativas do funcionalismo, sinalizou uma s\u00e9rie de avan\u00e7os. Mas, conforme o BB esclareceu, \u00e9 necess\u00e1rio aguardar a mesa \u00fanica da Fenaban caminhar.<\/p>\n<p>O banco assumiu o compromisso com a volta dos vigilantes, j\u00e1 a partir de setembro, em todas as unidades de varejo, independente de ter numer\u00e1rio ou n\u00e3o. O BB disse que os funcion\u00e1rios e clientes s\u00e3o valiosos, por isso os vigilantes estar\u00e3o em todas as unidades de varejo&#8221; Esta \u00e9 uma reivindica\u00e7\u00e3o do movimento sindical, que considera fundamental a presen\u00e7a desses profissionais para resguardar o funcionalismo, al\u00e9m de proporcionar um sentimento de seguran\u00e7a entre a popula\u00e7\u00e3o.<\/p>\n<p>A coordenadora da CEBB, Fernanda Lopes, destacou a relev\u00e2ncia desta decis\u00e3o do BB, \u201cbem diferente do que ouvimos na outra mesa, porque o que pedimos \u00e9 isso, cuidado com a vida das pessoas, uma vez que sempre ressaltamos que elas valem mais do que o patrim\u00f4nio\u201d.<\/p>\n<p>Sobre o banco de horas negativas adquiridas durante a pandemia da covid, tema abordado na mesa anterior, o BB fez a proposta de abono para quem ainda tem horas a compensar. Al\u00e9m dos funcion\u00e1rios com 60 anos ou mais e os pais que tenham filhos com alguma defici\u00eancia, hoje inclu\u00edram os funcion\u00e1rios que eram do grupo risco da covid e que tiverem feito mais de 70% at\u00e9 maio (quando encerra o acordo de covid), ter\u00e3o o restante abonado. E os funcion\u00e1rios afastados por licen\u00e7a \u00e0 sa\u00fade tamb\u00e9m ter\u00e3o as horas anistiadas.<\/p>\n<p>A Comiss\u00e3o insistiu sobre a import\u00e2ncia de anistiar todos os colegas que est\u00e3o efetivamente trabalhando diariamente e n\u00e3o conseguem zerar essas horas. \u201cContinuamos pedindo anistia de horas covid para todos os funcion\u00e1rios. Tamb\u00e9m destacamos principalmente a quest\u00e3o das m\u00e3es solo e de pais com crian\u00e7as ainda em idade escolar, que n\u00e3o t\u00eam com quem deix\u00e1-las, e ficar fazendo mais horas\u201d, aponta a coordenadora do CEBB.<\/p>\n<p>Os representantes do BB informaram sobre o lan\u00e7amento do programa Equilibbra, para solucionar a quest\u00e3o do endividamento do funcionalismo, uma antiga preocupa\u00e7\u00e3o do movimento sindical. Pesquisa realizada pela Contraf-CUT mostra que a categoria \u00e9 extremamente endividada.<\/p>\n<h1><strong>Teto PLR<\/strong><\/h1>\n<p>Sobre a Participa\u00e7\u00e3o nos Lucros e Resultados (PLR), foi refor\u00e7ada a cobran\u00e7a do fim do teto, por\u00e9m o banco novamente alegou que n\u00e3o h\u00e1 essa possibilidade. Disse que a PLR do BB \u00e9 muito diferenciada das demais institui\u00e7\u00f5es financeiras, com patamares bem superiores, inclusive das estatais.<\/p>\n<p>O BB tamb\u00e9m informou que apresentou uma proposta de aumento de PLR para os cont\u00ednuos (que hoje s\u00e3o 140 no banco). Eles passar\u00e3o a receber a mesma dos escritur\u00e1rios.<\/p>\n<p><strong>Fonte: Contraf-CUT<\/strong><\/p>\n","protected":false},"excerpt":{"rendered":"<p>A oitava rodada de negocia\u00e7\u00e3o espec\u00edfica da Campanha Nacional 2024, realizada nesta quinta-feira (22) entre a Comiss\u00e3o de Empresa dos Funcion\u00e1rios do Banco do Brasil (CEBB) e os representantes do banco, embora n\u00e3o tenha apresentado propostas concretas que atendam as expectativas do funcionalismo, sinalizou uma s\u00e9rie de avan\u00e7os. Mas, conforme o BB esclareceu, \u00e9 necess\u00e1rio [&hellip;]<\/p>\n","protected":false},"author":2,"featured_media":15681,"comment_status":"","ping_status":"","sticky":false,"template":"","format":"standard","meta":{"footnotes":""},"categories":[3],"tags":[],"class_list":["post-15682","post","type-post","status-publish","format-standard","has-post-thumbnail","hentry","category-noticias"],"_links":{"self":[{"href":"https:\/\/hostnetart.com.br\/baixada\/wp-json\/wp\/v2\/posts\/15682","targetHints":{"allow":["GET"]}}],"collection":[{"href":"https:\/\/hostnetart.com.br\/baixada\/wp-json\/wp\/v2\/posts"}],"about":[{"href":"https:\/\/hostnetart.com.br\/baixada\/wp-json\/wp\/v2\/types\/post"}],"author":[{"embeddable":true,"href":"https:\/\/hostnetart.com.br\/baixada\/wp-json\/wp\/v2\/users\/2"}],"replies":[{"embeddable":true,"href":"https:\/\/hostnetart.com.br\/baixada\/wp-json\/wp\/v2\/comments?post=15682"}],"version-history":[{"count":0,"href":"https:\/\/hostnetart.com.br\/baixada\/wp-json\/wp\/v2\/posts\/15682\/revisions"}],"wp:featuredmedia":[{"embeddable":true,"href":"https:\/\/hostnetart.com.br\/baixada\/wp-json\/wp\/v2\/media\/15681"}],"wp:attachment":[{"href":"https:\/\/hostnetart.com.br\/baixada\/wp-json\/wp\/v2\/media?parent=15682"}],"wp:term":[{"taxonomy":"category","embeddable":true,"href":"https:\/\/hostnetart.com.br\/baixada\/wp-json\/wp\/v2\/categories?post=15682"},{"taxonomy":"post_tag","embeddable":true,"href":"https:\/\/hostnetart.com.br\/baixada\/wp-json\/wp\/v2\/tags?post=15682"}],"curies":[{"name":"wp","href":"https:\/\/api.w.org\/{rel}","templated":true}]}}