{"id":15678,"date":"2024-08-21T19:53:42","date_gmt":"2024-08-21T22:53:42","guid":{"rendered":"https:\/\/hostnetart.com.br\/baixada\/proposta-apresentada-pelos-bancos-que-preve-perda-salarial-e-rejeitada-pelo-comando-nacional\/"},"modified":"2024-08-21T19:53:42","modified_gmt":"2024-08-21T22:53:42","slug":"proposta-apresentada-pelos-bancos-que-preve-perda-salarial-e-rejeitada-pelo-comando-nacional","status":"publish","type":"post","link":"https:\/\/hostnetart.com.br\/baixada\/proposta-apresentada-pelos-bancos-que-preve-perda-salarial-e-rejeitada-pelo-comando-nacional\/","title":{"rendered":"Proposta apresentada pelos bancos que prev\u00ea perda salarial \u00e9 rejeitada pelo Comando Nacional"},"content":{"rendered":"<\/p>\n<p>Nesta quarta-feira, 21 de agosto, na 9\u00aa rodada de negocia\u00e7\u00f5es entre o Comando Nacional dos Banc\u00e1rios e a Fenaban, os bancos apresentaram proposta de reajuste abaixo da infla\u00e7\u00e3o, de 85% do INPC. A proposta foi prontamente rejeitada pelo comando na mesa.<\/p>\n<p>O Presidente da Federa\u00e7\u00e3o dos Trabalhadores do Ramo Financeiro dos Estados do Rio de Janeiro e Esp\u00edrito Santo (Fetraf RJ\/ES), Nilton Esperan\u00e7a, o Presidente do Sindicato dos Banc\u00e1rios de Angra dos Reis e Regi\u00e3o, Ayres Carlos Alves e o Secret\u00e1rio de Imprensa e Comunica\u00e7\u00e3o do Sindicato dos Banc\u00e1rios do Esp\u00edrito Santo, Carlos Pereira (Carl\u00e3o), representaram a entidade na reuni\u00e3o.<\/p>\n<\/p>\n<p>\u201cTotal desrespeito dos banqueiros, diante da lucratividade do setor. \u00c9 uma total insensibilidade apresentar uma proposta aqu\u00e9m das expectativas da categoria. N\u00e3o tem aumento real e nem, sequer, rep\u00f5e a infla\u00e7\u00e3o. Beira o inacredit\u00e1vel, quando levamos em conta as negocia\u00e7\u00f5es de outras categorias.\u201d, declarou Nilton.<\/p>\n<p>E completou. \u201cA proposta foi rejeitada na mesa. Pois, al\u00e9m de absurda, financeiramente falando, sem aumento da PLR, do VA e do VR, ainda tem muitas pend\u00eancias nas cl\u00e1usulas sociais.\u201d<\/p>\n<p>DIEESE<\/p>\n<p>C\u00e1lculos do Diesse, feitos no momento da mesa, mostram que o ajuste proposto pela Fenaban, de 85% do INPC resultaria em perda de 0,57% na remunera\u00e7\u00e3o das banc\u00e1rias e banc\u00e1rios e colocaria o reajuste da categoria entre os piores reajustes, no universo de 8.810 feitos em 2024.<\/p>\n<p>O Comando Nacional dos Banc\u00e1rios ressaltou ainda que o pa\u00eds est\u00e1 em um momento de crescimento econ\u00f4mico, redu\u00e7\u00e3o no desemprego e melhora na renda geral, fatores que promovem uma tend\u00eancia na queda no endividamento da popula\u00e7\u00e3o, importante para a lucratividade e rentabilidade dos bancos.<\/p>\n<p>Mat\u00e9ria publicada no Valor Econ\u00f4mico, nesta quarta (21), mostra que, na lista dos 10 maiores lucros no 2\u00ba trimestre, sete empresas s\u00e3o do setor financeiro, sendo cinco delas bancos: Ita\u00fa, Banco do Brasil, Bradesco, Santander e BTG.<\/p>\n<p>MOBILIZA\u00c7\u00c3O<\/p>\n<p>O Comando Nacional aprovou um dia nacional de mobiliza\u00e7\u00e3o, na segunda-feira (26), com paralisa\u00e7\u00e3o parcial nos locais de trabalho e uso de roupas pretas. Tamb\u00e9m ser\u00e3o realizadas uma s\u00e9rie de plen\u00e1rias e lives durante a semana, para refor\u00e7ar a organiza\u00e7\u00e3o das banc\u00e1rias e banc\u00e1rios.<\/p>\n<p>PR\u00d3XIMAS MESAS<\/p>\n<p>As negocia\u00e7\u00f5es com a Fenaban voltam na ter\u00e7a (27) e continuar\u00e3o nos pr\u00f3ximos dias, at\u00e9 a sexta (30).<\/p>\n<p><img fetchpriority=\"high\" decoding=\"async\" class=\"alignnone size-full wp-image-25247\" src=\"https:\/\/fetrafrjes.org.br\/wp-content\/uploads\/2024\/08\/IMG_4883-scaled.jpeg\" sizes=\"(max-width: 1707px) 100vw, 1707px\" srcset=\"https:\/\/fetrafrjes.org.br\/wp-content\/uploads\/2024\/08\/IMG_4883-scaled.jpeg 1707w, https:\/\/fetrafrjes.org.br\/wp-content\/uploads\/2024\/08\/IMG_4883-400x600.jpeg 400w, https:\/\/fetrafrjes.org.br\/wp-content\/uploads\/2024\/08\/IMG_4883-683x1024.jpeg 683w, https:\/\/fetrafrjes.org.br\/wp-content\/uploads\/2024\/08\/IMG_4883-768x1152.jpeg 768w, https:\/\/fetrafrjes.org.br\/wp-content\/uploads\/2024\/08\/IMG_4883-1024x1536.jpeg 1024w, https:\/\/fetrafrjes.org.br\/wp-content\/uploads\/2024\/08\/IMG_4883-1365x2048.jpeg 1365w, https:\/\/fetrafrjes.org.br\/wp-content\/uploads\/2024\/08\/IMG_4883-1200x1800.jpeg 1200w, https:\/\/fetrafrjes.org.br\/wp-content\/uploads\/2024\/08\/IMG_4883-1980x2970.jpeg 1980w\" alt=\"\" width=\"1707\" height=\"2560\" \/><img decoding=\"async\" class=\"alignnone size-full wp-image-25248\" src=\"https:\/\/fetrafrjes.org.br\/wp-content\/uploads\/2024\/08\/IMG_4881-scaled.jpeg\" sizes=\"(max-width: 1707px) 100vw, 1707px\" srcset=\"https:\/\/fetrafrjes.org.br\/wp-content\/uploads\/2024\/08\/IMG_4881-scaled.jpeg 1707w, https:\/\/fetrafrjes.org.br\/wp-content\/uploads\/2024\/08\/IMG_4881-400x600.jpeg 400w, https:\/\/fetrafrjes.org.br\/wp-content\/uploads\/2024\/08\/IMG_4881-683x1024.jpeg 683w, https:\/\/fetrafrjes.org.br\/wp-content\/uploads\/2024\/08\/IMG_4881-768x1152.jpeg 768w, https:\/\/fetrafrjes.org.br\/wp-content\/uploads\/2024\/08\/IMG_4881-1024x1536.jpeg 1024w, https:\/\/fetrafrjes.org.br\/wp-content\/uploads\/2024\/08\/IMG_4881-1365x2048.jpeg 1365w, https:\/\/fetrafrjes.org.br\/wp-content\/uploads\/2024\/08\/IMG_4881-1200x1800.jpeg 1200w, https:\/\/fetrafrjes.org.br\/wp-content\/uploads\/2024\/08\/IMG_4881-1980x2970.jpeg 1980w\" alt=\"\" width=\"1707\" height=\"2560\" \/><img decoding=\"async\" class=\"alignnone size-full wp-image-25249\" src=\"https:\/\/fetrafrjes.org.br\/wp-content\/uploads\/2024\/08\/IMG_4886-scaled.jpeg\" sizes=\"(max-width: 2560px) 100vw, 2560px\" srcset=\"https:\/\/fetrafrjes.org.br\/wp-content\/uploads\/2024\/08\/IMG_4886-scaled.jpeg 2560w, https:\/\/fetrafrjes.org.br\/wp-content\/uploads\/2024\/08\/IMG_4886-600x400.jpeg 600w, https:\/\/fetrafrjes.org.br\/wp-content\/uploads\/2024\/08\/IMG_4886-1024x683.jpeg 1024w, https:\/\/fetrafrjes.org.br\/wp-content\/uploads\/2024\/08\/IMG_4886-768x512.jpeg 768w, https:\/\/fetrafrjes.org.br\/wp-content\/uploads\/2024\/08\/IMG_4886-1536x1024.jpeg 1536w, https:\/\/fetrafrjes.org.br\/wp-content\/uploads\/2024\/08\/IMG_4886-2048x1365.jpeg 2048w, https:\/\/fetrafrjes.org.br\/wp-content\/uploads\/2024\/08\/IMG_4886-1200x800.jpeg 1200w, https:\/\/fetrafrjes.org.br\/wp-content\/uploads\/2024\/08\/IMG_4886-1980x1320.jpeg 1980w\" alt=\"\" width=\"2560\" height=\"1707\" \/><img loading=\"lazy\" decoding=\"async\" class=\"alignnone size-full wp-image-25250\" src=\"https:\/\/fetrafrjes.org.br\/wp-content\/uploads\/2024\/08\/IMG_4887-scaled.jpeg\" sizes=\"(max-width: 2560px) 100vw, 2560px\" srcset=\"https:\/\/fetrafrjes.org.br\/wp-content\/uploads\/2024\/08\/IMG_4887-scaled.jpeg 2560w, https:\/\/fetrafrjes.org.br\/wp-content\/uploads\/2024\/08\/IMG_4887-600x400.jpeg 600w, https:\/\/fetrafrjes.org.br\/wp-content\/uploads\/2024\/08\/IMG_4887-1024x683.jpeg 1024w, https:\/\/fetrafrjes.org.br\/wp-content\/uploads\/2024\/08\/IMG_4887-768x512.jpeg 768w, https:\/\/fetrafrjes.org.br\/wp-content\/uploads\/2024\/08\/IMG_4887-1536x1024.jpeg 1536w, https:\/\/fetrafrjes.org.br\/wp-content\/uploads\/2024\/08\/IMG_4887-2048x1365.jpeg 2048w, https:\/\/fetrafrjes.org.br\/wp-content\/uploads\/2024\/08\/IMG_4887-1200x800.jpeg 1200w, https:\/\/fetrafrjes.org.br\/wp-content\/uploads\/2024\/08\/IMG_4887-1980x1320.jpeg 1980w\" alt=\"\" width=\"2560\" height=\"1707\" \/><img loading=\"lazy\" decoding=\"async\" class=\"alignnone size-full wp-image-25251\" src=\"https:\/\/fetrafrjes.org.br\/wp-content\/uploads\/2024\/08\/IMG_4890-scaled.jpeg\" sizes=\"(max-width: 2560px) 100vw, 2560px\" srcset=\"https:\/\/fetrafrjes.org.br\/wp-content\/uploads\/2024\/08\/IMG_4890-scaled.jpeg 2560w, https:\/\/fetrafrjes.org.br\/wp-content\/uploads\/2024\/08\/IMG_4890-600x338.jpeg 600w, https:\/\/fetrafrjes.org.br\/wp-content\/uploads\/2024\/08\/IMG_4890-1024x576.jpeg 1024w, https:\/\/fetrafrjes.org.br\/wp-content\/uploads\/2024\/08\/IMG_4890-768x432.jpeg 768w, https:\/\/fetrafrjes.org.br\/wp-content\/uploads\/2024\/08\/IMG_4890-1536x864.jpeg 1536w, https:\/\/fetrafrjes.org.br\/wp-content\/uploads\/2024\/08\/IMG_4890-2048x1152.jpeg 2048w, https:\/\/fetrafrjes.org.br\/wp-content\/uploads\/2024\/08\/IMG_4890-1200x675.jpeg 1200w, https:\/\/fetrafrjes.org.br\/wp-content\/uploads\/2024\/08\/IMG_4890-1980x1114.jpeg 1980w\" alt=\"\" width=\"2560\" height=\"1440\" \/><\/p>\n<p>*<em>com informa\u00e7\u00f5es da Contraf-CUT e Fetraf RJ\/ES<\/em><\/p>\n","protected":false},"excerpt":{"rendered":"<p>Nesta quarta-feira, 21 de agosto, na 9\u00aa rodada de negocia\u00e7\u00f5es entre o Comando Nacional dos Banc\u00e1rios e a Fenaban, os bancos apresentaram proposta de reajuste abaixo da infla\u00e7\u00e3o, de 85% do INPC. A proposta foi prontamente rejeitada pelo comando na mesa. O Presidente da Federa\u00e7\u00e3o dos Trabalhadores do Ramo Financeiro dos Estados do Rio de [&hellip;]<\/p>\n","protected":false},"author":2,"featured_media":15677,"comment_status":"","ping_status":"","sticky":false,"template":"","format":"standard","meta":{"footnotes":""},"categories":[3],"tags":[],"class_list":["post-15678","post","type-post","status-publish","format-standard","has-post-thumbnail","hentry","category-noticias"],"_links":{"self":[{"href":"https:\/\/hostnetart.com.br\/baixada\/wp-json\/wp\/v2\/posts\/15678","targetHints":{"allow":["GET"]}}],"collection":[{"href":"https:\/\/hostnetart.com.br\/baixada\/wp-json\/wp\/v2\/posts"}],"about":[{"href":"https:\/\/hostnetart.com.br\/baixada\/wp-json\/wp\/v2\/types\/post"}],"author":[{"embeddable":true,"href":"https:\/\/hostnetart.com.br\/baixada\/wp-json\/wp\/v2\/users\/2"}],"replies":[{"embeddable":true,"href":"https:\/\/hostnetart.com.br\/baixada\/wp-json\/wp\/v2\/comments?post=15678"}],"version-history":[{"count":0,"href":"https:\/\/hostnetart.com.br\/baixada\/wp-json\/wp\/v2\/posts\/15678\/revisions"}],"wp:featuredmedia":[{"embeddable":true,"href":"https:\/\/hostnetart.com.br\/baixada\/wp-json\/wp\/v2\/media\/15677"}],"wp:attachment":[{"href":"https:\/\/hostnetart.com.br\/baixada\/wp-json\/wp\/v2\/media?parent=15678"}],"wp:term":[{"taxonomy":"category","embeddable":true,"href":"https:\/\/hostnetart.com.br\/baixada\/wp-json\/wp\/v2\/categories?post=15678"},{"taxonomy":"post_tag","embeddable":true,"href":"https:\/\/hostnetart.com.br\/baixada\/wp-json\/wp\/v2\/tags?post=15678"}],"curies":[{"name":"wp","href":"https:\/\/api.w.org\/{rel}","templated":true}]}}