{"id":15674,"date":"2024-08-19T16:17:04","date_gmt":"2024-08-19T19:17:04","guid":{"rendered":"https:\/\/hostnetart.com.br\/baixada\/sindicato-percorre-agencias-de-sao-joao-de-meriti-reivindicando-reajustes-e-direitos\/"},"modified":"2024-08-19T16:17:04","modified_gmt":"2024-08-19T19:17:04","slug":"sindicato-percorre-agencias-de-sao-joao-de-meriti-reivindicando-reajustes-e-direitos","status":"publish","type":"post","link":"https:\/\/hostnetart.com.br\/baixada\/sindicato-percorre-agencias-de-sao-joao-de-meriti-reivindicando-reajustes-e-direitos\/","title":{"rendered":"Sindicato percorre ag\u00eancias de S\u00e3o Jo\u00e3o de Meriti reivindicando reajustes e direitos"},"content":{"rendered":"<p>O <strong>Sindicato dos Banc\u00e1rios da Baixada Fluminense<\/strong> continua se <strong>mobilizando<\/strong> por reajustes e direitos da categoria.<\/p>\n<p>Desta vez, diretoras e diretores percorreram ag\u00eancias banc\u00e1rias de <strong>S\u00e3o Jo\u00e3o de Meriti<\/strong>,\u00a0nesta segunda-feira (19\/8), para falar sobre a <strong>Campanha<\/strong> <strong>Nacional<\/strong> e da import\u00e2ncia da press\u00e3o para que os bancos entreguem uma proposta completa de renova\u00e7\u00e3o da Conven\u00e7\u00e3o Coletiva de Trabalho (CCT) e que corresponda \u00e0s reivindica\u00e7\u00f5es dos trabalhadores.<\/p>\n<p>As manifesta\u00e7\u00f5es ocorreram em todo o pa\u00eds, na v\u00e9spera da pr\u00f3xima mesa de negocia\u00e7\u00e3o, que ir\u00e1 come\u00e7ar amanh\u00e3, 20 de agosto.<\/p>\n<p>Na quarta-feira (15), a categoria realizou um dia nacional de luta, em todo o pa\u00eds, com o retardamento da abertura em algumas ag\u00eancias.<\/p>\n<p>&#8220;Em 2023, os bancos lucraram R$ 145 bilh\u00f5es no Brasil. N\u00f3s estamos falando de lucro, j\u00e1 descontado impostos, provis\u00f5es, gastos com funcion\u00e1rios e equipamentos. No primeiro semestre deste ano, quatro dos cinco maiores bancos do pa\u00eds, que j\u00e1 apresentaram seus resultados (Banco do Brasil, Ita\u00fa, Santander e Bradesco) lucraram juntos R$ 53,6 bilh\u00f5es. Ainda assim, n\u00e3o apresentaram propostas de reajuste salarial, faltando duas semanas para o fim da campanha nacional de renova\u00e7\u00e3o da CCT&#8221;, explica a coordenadora do Comando Nacional dos Banc\u00e1rios e presidenta da Confedera\u00e7\u00e3o Nacional dos Trabalhadores do Ramo Financeiro (Contraf-CUT), Juvandia Moreira.<\/p>\n<p><span style=\"text-decoration: underline;\">As principais reivindica\u00e7\u00f5es para remunera\u00e7\u00e3o da categoria para este ano s\u00e3o:<\/span><\/p>\n<p>&#8211; Reajuste salarial que corresponda \u00e0 reposi\u00e7\u00e3o pelo INPC acumulado entre setembro de 2023 e agosto de 2024, acrescido do aumento real de 5%.<br \/>&#8211; Melhoria nos percentuais da Participa\u00e7\u00e3o nos Lucros e Resultados (PLR).<\/p>\n<p>O Dieese alerta que os percentuais de distribui\u00e7\u00e3o da PLR dos bancos ca\u00edram ao longo dos \u00faltimos anos, mesmo ap\u00f3s reajustes, introdu\u00e7\u00e3o da parcela adicional e mudan\u00e7as de par\u00e2metros dos c\u00e1lculos de distribui\u00e7\u00e3o. Al\u00e9m disso, a distribui\u00e7\u00e3o da participa\u00e7\u00e3o nos lucros n\u00e3o vem acompanhando o crescimento dos lucros no setor, ficando, na maioria dos bancos, abaixo do teto de 15% previsto na CCT.<br \/>&#8211; E melhorias nas demais verbas, incluindo tickets alimenta\u00e7\u00e3o e refei\u00e7\u00e3o, aux\u00edlio creche e aux\u00edlio bab\u00e1.<\/p>\n<p><strong>A campanha<\/strong><\/p>\n<p>As negocia\u00e7\u00f5es entre o movimento sindical banc\u00e1rio e a Federa\u00e7\u00e3o Nacional dos Bancos (Fenaban), para a renova\u00e7\u00e3o da CCT come\u00e7aram em 18 de junho e precisam terminar antes da data base da categoria, que \u00e9 em 1\u00ba de setembro.<\/p>\n<p>Ao longo dos encontros, os bancos indicaram dificuldades em atender as principais reivindica\u00e7\u00f5es, argumentando a concorr\u00eancia no setor.<\/p>\n<p>Os trabalhadores reivindicam ainda:<\/p>\n<p>&#8211; Fim da gest\u00e3o por metas abusivas que tem gerado adoecimento na categoria;<\/p>\n<p>&#8211; Refor\u00e7o aos mecanismos de combate ao ass\u00e9dio moral e sexual;<\/p>\n<p>&#8211; Direito \u00e0 desconex\u00e3o;<\/p>\n<p>&#8211; Direito \u00e0s pessoas com defici\u00eancia (PCDs) e neurodivergentes;<\/p>\n<p>&#8211; Suporte aos pais e m\u00e3es de filhos com defici\u00eancia;<\/p>\n<p>&#8211; Mais mulheres na TI;<\/p>\n<p>&#8211; Combate \u00e0 terceiriza\u00e7\u00e3o e garantia de empregos;<\/p>\n<p>&#8211; Jornada de trabalho de quatro dias;<\/p>\n<p>&#8211; Amplia\u00e7\u00e3o do teletrabalho.<\/p>\n","protected":false},"excerpt":{"rendered":"<p>O Sindicato dos Banc\u00e1rios da Baixada Fluminense continua se mobilizando por reajustes e direitos da categoria. Desta vez, diretoras e diretores percorreram ag\u00eancias banc\u00e1rias de S\u00e3o Jo\u00e3o de Meriti,\u00a0nesta segunda-feira (19\/8), para falar sobre a Campanha Nacional e da import\u00e2ncia da press\u00e3o para que os bancos entreguem uma proposta completa de renova\u00e7\u00e3o da Conven\u00e7\u00e3o Coletiva [&hellip;]<\/p>\n","protected":false},"author":2,"featured_media":15673,"comment_status":"","ping_status":"","sticky":false,"template":"","format":"standard","meta":{"footnotes":""},"categories":[3],"tags":[],"class_list":["post-15674","post","type-post","status-publish","format-standard","has-post-thumbnail","hentry","category-noticias"],"_links":{"self":[{"href":"https:\/\/hostnetart.com.br\/baixada\/wp-json\/wp\/v2\/posts\/15674","targetHints":{"allow":["GET"]}}],"collection":[{"href":"https:\/\/hostnetart.com.br\/baixada\/wp-json\/wp\/v2\/posts"}],"about":[{"href":"https:\/\/hostnetart.com.br\/baixada\/wp-json\/wp\/v2\/types\/post"}],"author":[{"embeddable":true,"href":"https:\/\/hostnetart.com.br\/baixada\/wp-json\/wp\/v2\/users\/2"}],"replies":[{"embeddable":true,"href":"https:\/\/hostnetart.com.br\/baixada\/wp-json\/wp\/v2\/comments?post=15674"}],"version-history":[{"count":0,"href":"https:\/\/hostnetart.com.br\/baixada\/wp-json\/wp\/v2\/posts\/15674\/revisions"}],"wp:featuredmedia":[{"embeddable":true,"href":"https:\/\/hostnetart.com.br\/baixada\/wp-json\/wp\/v2\/media\/15673"}],"wp:attachment":[{"href":"https:\/\/hostnetart.com.br\/baixada\/wp-json\/wp\/v2\/media?parent=15674"}],"wp:term":[{"taxonomy":"category","embeddable":true,"href":"https:\/\/hostnetart.com.br\/baixada\/wp-json\/wp\/v2\/categories?post=15674"},{"taxonomy":"post_tag","embeddable":true,"href":"https:\/\/hostnetart.com.br\/baixada\/wp-json\/wp\/v2\/tags?post=15674"}],"curies":[{"name":"wp","href":"https:\/\/api.w.org\/{rel}","templated":true}]}}