{"id":15672,"date":"2024-08-15T20:51:57","date_gmt":"2024-08-15T23:51:57","guid":{"rendered":"https:\/\/hostnetart.com.br\/baixada\/sindicato-presta-suporte-a-agencia-assaltada-em-sao-joao-de-meriti\/"},"modified":"2024-08-15T20:51:57","modified_gmt":"2024-08-15T23:51:57","slug":"sindicato-presta-suporte-a-agencia-assaltada-em-sao-joao-de-meriti","status":"publish","type":"post","link":"https:\/\/hostnetart.com.br\/baixada\/sindicato-presta-suporte-a-agencia-assaltada-em-sao-joao-de-meriti\/","title":{"rendered":"Sindicato presta suporte a ag\u00eancia assaltada em S\u00e3o Jo\u00e3o de Meriti"},"content":{"rendered":"<p>Nesta quinta-feira, 15 de agosto, criminosos assaltaram a ag\u00eancia do Banco Ita\u00fa, localizada na Avenida Presidente Lincoln, em Vilar dos Teles (S\u00e3o Jo\u00e3o de Meriti).<\/p>\n<p>Assim que tomou conhecimento do assalto, o Sindicato dos Banc\u00e1rios da Baixada Fluminense foi at\u00e9 a ag\u00eancia para garantir que os trabalhadores estivessem em seguran\u00e7a e a ag\u00eancia recebendo o devido atendimento das autoridades policiais e da dire\u00e7\u00e3o do banco.<\/p>\n<p>A Pol\u00edcia Civil confirmou a pris\u00e3o de tr\u00eas homens e informou que a ocorr\u00eancia est\u00e1 em andamento na 64\u00aa DP (Vilar dos Teles).<\/p>\n<p><u>POSI\u00c7\u00c3O DO BANCO<\/u><\/p>\n<p>De acordo com o banco, n\u00e3o haver\u00e1 atendimento amanh\u00e3 (16\/8). A ag\u00eancia permanecer\u00e1 fechada. Al\u00e9m disso, tamb\u00e9m garantiu atendimento psicol\u00f3gico a todos os trabalhadores que precisem.<\/p>\n<p>Caso o banc\u00e1rio sinta necessidade, deve procurar um profissional da sua confian\u00e7a.<\/p>\n<p><u>CAT<\/u><\/p>\n<p>O Sindicato informa que, se necess\u00e1rio, os trabalhadores podem emitir a CAT (Comunica\u00e7\u00e3o de Acidente de Trabalho), atrav\u00e9s do banco ou da entidade sindical.<\/p>\n","protected":false},"excerpt":{"rendered":"<p>Nesta quinta-feira, 15 de agosto, criminosos assaltaram a ag\u00eancia do Banco Ita\u00fa, localizada na Avenida Presidente Lincoln, em Vilar dos Teles (S\u00e3o Jo\u00e3o de Meriti). Assim que tomou conhecimento do assalto, o Sindicato dos Banc\u00e1rios da Baixada Fluminense foi at\u00e9 a ag\u00eancia para garantir que os trabalhadores estivessem em seguran\u00e7a e a ag\u00eancia recebendo o [&hellip;]<\/p>\n","protected":false},"author":2,"featured_media":15671,"comment_status":"","ping_status":"","sticky":false,"template":"","format":"standard","meta":{"footnotes":""},"categories":[3],"tags":[],"class_list":["post-15672","post","type-post","status-publish","format-standard","has-post-thumbnail","hentry","category-noticias"],"_links":{"self":[{"href":"https:\/\/hostnetart.com.br\/baixada\/wp-json\/wp\/v2\/posts\/15672","targetHints":{"allow":["GET"]}}],"collection":[{"href":"https:\/\/hostnetart.com.br\/baixada\/wp-json\/wp\/v2\/posts"}],"about":[{"href":"https:\/\/hostnetart.com.br\/baixada\/wp-json\/wp\/v2\/types\/post"}],"author":[{"embeddable":true,"href":"https:\/\/hostnetart.com.br\/baixada\/wp-json\/wp\/v2\/users\/2"}],"replies":[{"embeddable":true,"href":"https:\/\/hostnetart.com.br\/baixada\/wp-json\/wp\/v2\/comments?post=15672"}],"version-history":[{"count":0,"href":"https:\/\/hostnetart.com.br\/baixada\/wp-json\/wp\/v2\/posts\/15672\/revisions"}],"wp:featuredmedia":[{"embeddable":true,"href":"https:\/\/hostnetart.com.br\/baixada\/wp-json\/wp\/v2\/media\/15671"}],"wp:attachment":[{"href":"https:\/\/hostnetart.com.br\/baixada\/wp-json\/wp\/v2\/media?parent=15672"}],"wp:term":[{"taxonomy":"category","embeddable":true,"href":"https:\/\/hostnetart.com.br\/baixada\/wp-json\/wp\/v2\/categories?post=15672"},{"taxonomy":"post_tag","embeddable":true,"href":"https:\/\/hostnetart.com.br\/baixada\/wp-json\/wp\/v2\/tags?post=15672"}],"curies":[{"name":"wp","href":"https:\/\/api.w.org\/{rel}","templated":true}]}}