{"id":1567,"date":"2013-10-08T00:00:00","date_gmt":"2013-10-08T03:00:00","guid":{"rendered":"https:\/\/hostnetart.com.br\/baixada\/para-serasa-greve-dos-bancarios-explica-queda-de-9-8-na-busca-por-credito\/"},"modified":"2013-10-08T00:00:00","modified_gmt":"2013-10-08T03:00:00","slug":"para-serasa-greve-dos-bancarios-explica-queda-de-9-8-na-busca-por-credito","status":"publish","type":"post","link":"https:\/\/hostnetart.com.br\/baixada\/para-serasa-greve-dos-bancarios-explica-queda-de-9-8-na-busca-por-credito\/","title":{"rendered":"Para Serasa, greve dos banc\u00e1rios explica queda de 9,8% na busca por cr\u00e9dito"},"content":{"rendered":"<p>S\u00e3o Paulo \u2013 O n\u00famero de pessoas em busca de cr\u00e9dito diminuiu 9,8%, em setembro, comparado a agosto, segundo o Indicador Serasa Experian da Demanda do Consumidor por Cr\u00e9dito. J\u00e1 sobre o mesmo m\u00eas do ano passado, a procura cresceu 4,4%. De janeiro a setembro, houve um aumento de 4,6% em rela\u00e7\u00e3o a igual per\u00edodo de 2012.<\/p>\n<p>\u00a0<\/p>\n<p>Na avalia\u00e7\u00e3o dos economistas da Serasa Experian, essa queda na virada de agosto para setembro foi provocada pela greve dos banc\u00e1rios. Eles argumentaram, por meio de nota, que o movimento de paralisa\u00e7\u00e3o, iniciado a partir da segunda quinzena de setembro, restringiu o acesso dos consumidores \u00e0s ag\u00eancias banc\u00e1rias.<\/p>\n<p>\u00a0<\/p>\n<p>Os economistas observaram ainda que, o fato de ter sido registrado aumento sobre setembro do ano passado, pode estar relacionado ao fato de ter havido dois dias \u00fateis a mais, com um total de 21, ante 19 dias em igual m\u00eas de 2012.<\/p>\n<p>\u00a0<\/p>\n<p>Os consumidores de baixa renda foram os que mais reduziram a procura, havendo queda entre os que ganham at\u00e9 R$ 500 mensais (-10,4%); entre R$ 500 e R$ 1.000 (-10,8%); de R$ 1.000 a R$ 2.000 (-9,6%); entre R$ 2.000 e R$ 5.000 (- 7,7%); entre R$ 5.000 e R$ 10.000 (-5,3%); e acima de R$ 10.000 (-5%).<\/p>\n<p>\u00a0<\/p>\n<p>J\u00e1 no acumulado do ano, os consumidores com os menores rendimento lideram a demanda, com um aumento de 11,1% na faixa at\u00e9 R$ 500 mensais e de 6,5% no caso dos que ganham entre R$ 500 e R$ 1.000 por m\u00eas. Aos que t\u00eam rendimentos mensais entre R$ 1.000 e R$ 2.000, houve expans\u00e3o de 2,8%, e entre R$ 2.000 e R$ 5.000, uma pequena alta de 0,5%.<\/p>\n<p>\u00a0<\/p>\n<p>Nesse mesmo per\u00edodo, caiu em 1% o interesse dos consumidores que recebem entre R$ 5.000 e R$ 10.000 mensais, e recuou em 0,2% nas faixas superiores a R$ 10.000 por m\u00eas.<\/p>\n<p>\u00a0<\/p>\n<p>Na virada de agosto para setembro, a Regi\u00e3o Sul foi a que apresentou a maior redu\u00e7\u00e3o no interesse por cr\u00e9dito (-15,4%). Houve redu\u00e7\u00e3o tamb\u00e9m no Norte (-14,1%); Nordeste (-14,5%); Sudeste (- 6,4%) e Centro-Oeste (- 2,6%).<\/p>\n<p>\u00a0<\/p>\n<p>De janeiro a setembro, a Regi\u00e3o Norte apresentou a maior alta, com 13,7%, seguida pelo Nordeste, com crescimento de 11,2%. No Sul ocorreu avan\u00e7o de 4,2%, e no Sudeste aumento de 2,8% . A regi\u00e3o Centro-Oeste foi a \u00fanica a ter queda (-1,7%).<\/p>\n<p>\u00a0<\/p>\n<p>A pesquisa tem como base o n\u00famero de consultas a CPFs feitas ao banco de dados da Serasa pelas entidades banc\u00e1rias.<\/p>\n","protected":false},"excerpt":{"rendered":"<p>S\u00e3o Paulo \u2013 O n\u00famero de pessoas em busca de cr\u00e9dito diminuiu 9,8%, em setembro, comparado a agosto, segundo o Indicador Serasa Experian da Demanda do Consumidor por Cr\u00e9dito. J\u00e1 sobre o mesmo m\u00eas do ano passado, a procura cresceu 4,4%. De janeiro a setembro, houve um aumento de 4,6% em rela\u00e7\u00e3o a igual per\u00edodo [&hellip;]<\/p>\n","protected":false},"author":1,"featured_media":0,"comment_status":"","ping_status":"","sticky":false,"template":"","format":"standard","meta":{"footnotes":""},"categories":[3],"tags":[],"class_list":["post-1567","post","type-post","status-publish","format-standard","hentry","category-noticias"],"_links":{"self":[{"href":"https:\/\/hostnetart.com.br\/baixada\/wp-json\/wp\/v2\/posts\/1567","targetHints":{"allow":["GET"]}}],"collection":[{"href":"https:\/\/hostnetart.com.br\/baixada\/wp-json\/wp\/v2\/posts"}],"about":[{"href":"https:\/\/hostnetart.com.br\/baixada\/wp-json\/wp\/v2\/types\/post"}],"author":[{"embeddable":true,"href":"https:\/\/hostnetart.com.br\/baixada\/wp-json\/wp\/v2\/users\/1"}],"replies":[{"embeddable":true,"href":"https:\/\/hostnetart.com.br\/baixada\/wp-json\/wp\/v2\/comments?post=1567"}],"version-history":[{"count":0,"href":"https:\/\/hostnetart.com.br\/baixada\/wp-json\/wp\/v2\/posts\/1567\/revisions"}],"wp:attachment":[{"href":"https:\/\/hostnetart.com.br\/baixada\/wp-json\/wp\/v2\/media?parent=1567"}],"wp:term":[{"taxonomy":"category","embeddable":true,"href":"https:\/\/hostnetart.com.br\/baixada\/wp-json\/wp\/v2\/categories?post=1567"},{"taxonomy":"post_tag","embeddable":true,"href":"https:\/\/hostnetart.com.br\/baixada\/wp-json\/wp\/v2\/tags?post=1567"}],"curies":[{"name":"wp","href":"https:\/\/api.w.org\/{rel}","templated":true}]}}