{"id":15668,"date":"2024-08-15T14:12:19","date_gmt":"2024-08-15T17:12:19","guid":{"rendered":"https:\/\/hostnetart.com.br\/baixada\/empregados-do-bndes-entregam-pauta-de-reivindicacao-especifica\/"},"modified":"2024-08-15T14:12:19","modified_gmt":"2024-08-15T17:12:19","slug":"empregados-do-bndes-entregam-pauta-de-reivindicacao-especifica","status":"publish","type":"post","link":"https:\/\/hostnetart.com.br\/baixada\/empregados-do-bndes-entregam-pauta-de-reivindicacao-especifica\/","title":{"rendered":"Empregados do BNDES entregam pauta de reivindica\u00e7\u00e3o espec\u00edfica"},"content":{"rendered":"<p>Os funcion\u00e1rios do BNDES entregaram, na manh\u00e3 desta quinta-feira (15), a pauta espec\u00edfica de reivindica\u00e7\u00f5es, aprovada em assembleia dos trabalhadores realizada no dia 8 de agosto, \u00e0 dire\u00e7\u00e3o do banco.<\/p>\n<p>Mesmo com a entrega, o banco de desenvolvimento ainda n\u00e3o definiu as datas das reuni\u00f5es de negocia\u00e7\u00e3o. \u201cCobramos do BNDES um calend\u00e1rio para darmos in\u00edcio \u00e0s conversa\u00e7\u00f5es. J\u00e1 estamos no meio de agosto e essa defini\u00e7\u00e3o \u00e9 urgente!\u201d, lamentou o vice-presidente da Confedera\u00e7\u00e3o Nacional dos Trabalhadores do Sistema Financeiro (Contraf-CUT), Vin\u00edcius Assump\u00e7\u00e3o, que representa a entidade nas negocia\u00e7\u00f5es com as empresas do sistema BNDES.<\/p>\n<p><strong>Fonte: Contraf-CUT<\/strong><\/p>\n","protected":false},"excerpt":{"rendered":"<p>Os funcion\u00e1rios do BNDES entregaram, na manh\u00e3 desta quinta-feira (15), a pauta espec\u00edfica de reivindica\u00e7\u00f5es, aprovada em assembleia dos trabalhadores realizada no dia 8 de agosto, \u00e0 dire\u00e7\u00e3o do banco. Mesmo com a entrega, o banco de desenvolvimento ainda n\u00e3o definiu as datas das reuni\u00f5es de negocia\u00e7\u00e3o. \u201cCobramos do BNDES um calend\u00e1rio para darmos in\u00edcio [&hellip;]<\/p>\n","protected":false},"author":2,"featured_media":15667,"comment_status":"","ping_status":"","sticky":false,"template":"","format":"standard","meta":{"footnotes":""},"categories":[3],"tags":[],"class_list":["post-15668","post","type-post","status-publish","format-standard","has-post-thumbnail","hentry","category-noticias"],"_links":{"self":[{"href":"https:\/\/hostnetart.com.br\/baixada\/wp-json\/wp\/v2\/posts\/15668","targetHints":{"allow":["GET"]}}],"collection":[{"href":"https:\/\/hostnetart.com.br\/baixada\/wp-json\/wp\/v2\/posts"}],"about":[{"href":"https:\/\/hostnetart.com.br\/baixada\/wp-json\/wp\/v2\/types\/post"}],"author":[{"embeddable":true,"href":"https:\/\/hostnetart.com.br\/baixada\/wp-json\/wp\/v2\/users\/2"}],"replies":[{"embeddable":true,"href":"https:\/\/hostnetart.com.br\/baixada\/wp-json\/wp\/v2\/comments?post=15668"}],"version-history":[{"count":0,"href":"https:\/\/hostnetart.com.br\/baixada\/wp-json\/wp\/v2\/posts\/15668\/revisions"}],"wp:featuredmedia":[{"embeddable":true,"href":"https:\/\/hostnetart.com.br\/baixada\/wp-json\/wp\/v2\/media\/15667"}],"wp:attachment":[{"href":"https:\/\/hostnetart.com.br\/baixada\/wp-json\/wp\/v2\/media?parent=15668"}],"wp:term":[{"taxonomy":"category","embeddable":true,"href":"https:\/\/hostnetart.com.br\/baixada\/wp-json\/wp\/v2\/categories?post=15668"},{"taxonomy":"post_tag","embeddable":true,"href":"https:\/\/hostnetart.com.br\/baixada\/wp-json\/wp\/v2\/tags?post=15668"}],"curies":[{"name":"wp","href":"https:\/\/api.w.org\/{rel}","templated":true}]}}