{"id":15666,"date":"2024-08-15T14:02:19","date_gmt":"2024-08-15T17:02:19","guid":{"rendered":"https:\/\/hostnetart.com.br\/baixada\/empregados-do-bndes-entregam-nesta-quinta-feira-15-reivindicacoes-ao-banco\/"},"modified":"2024-08-15T14:02:19","modified_gmt":"2024-08-15T17:02:19","slug":"empregados-do-bndes-entregam-nesta-quinta-feira-15-reivindicacoes-ao-banco","status":"publish","type":"post","link":"https:\/\/hostnetart.com.br\/baixada\/empregados-do-bndes-entregam-nesta-quinta-feira-15-reivindicacoes-ao-banco\/","title":{"rendered":"Empregados do BNDES entregam nesta quinta-feira (15) reivindica\u00e7\u00f5es ao banco"},"content":{"rendered":"<p>Os empregados do BNDES v\u00e3o entregar, nesta quinta-feira (15), a pauta de reivindica\u00e7\u00f5es aprovada em assembleia dos trabalhadores realizada no dia 8 de agosto.<\/p>\n<p>\u201cCom a entrega da pauta, vamos cobrar que o banco nos apresente um calend\u00e1rio para darmos in\u00edcio \u00e0s negocia\u00e7\u00f5es para a renova\u00e7\u00e3o do Acordo Coletivo de Trabalho (ACT) espec\u00edfico dos empregados do sistema BNDES\u201d, explicou o vice-presidente da Confedera\u00e7\u00e3o Nacional dos Trabalhadores do Sistema Financeiro (Contraf-CUT), Vin\u00edcius Assump\u00e7\u00e3o, que representa a entidade nas negocia\u00e7\u00f5es com as empresas do sistema BNDES.<\/p>\n<p>A reuni\u00e3o com a dire\u00e7\u00e3o do banco ser\u00e1 nesta quinta-feira, a partir das 11 horas.<\/p>\n<p>\u201cNa pauta econ\u00f4mica, buscaremos seguir o que for negociado com a Fenaban e os bancos p\u00fablicos\u201d, completou Vin\u00edcius, ao lembrar que a categoria banc\u00e1ria est\u00e1 em campanha para aprova\u00e7\u00e3o da sua Conven\u00e7\u00e3o Coletiva de Trabalho (CCT).<\/p>\n<p><strong>Fonte: Contraf-CUT<\/strong><\/p>\n","protected":false},"excerpt":{"rendered":"<p>Os empregados do BNDES v\u00e3o entregar, nesta quinta-feira (15), a pauta de reivindica\u00e7\u00f5es aprovada em assembleia dos trabalhadores realizada no dia 8 de agosto. \u201cCom a entrega da pauta, vamos cobrar que o banco nos apresente um calend\u00e1rio para darmos in\u00edcio \u00e0s negocia\u00e7\u00f5es para a renova\u00e7\u00e3o do Acordo Coletivo de Trabalho (ACT) espec\u00edfico dos empregados [&hellip;]<\/p>\n","protected":false},"author":2,"featured_media":15665,"comment_status":"","ping_status":"","sticky":false,"template":"","format":"standard","meta":{"footnotes":""},"categories":[3],"tags":[],"class_list":["post-15666","post","type-post","status-publish","format-standard","has-post-thumbnail","hentry","category-noticias"],"_links":{"self":[{"href":"https:\/\/hostnetart.com.br\/baixada\/wp-json\/wp\/v2\/posts\/15666","targetHints":{"allow":["GET"]}}],"collection":[{"href":"https:\/\/hostnetart.com.br\/baixada\/wp-json\/wp\/v2\/posts"}],"about":[{"href":"https:\/\/hostnetart.com.br\/baixada\/wp-json\/wp\/v2\/types\/post"}],"author":[{"embeddable":true,"href":"https:\/\/hostnetart.com.br\/baixada\/wp-json\/wp\/v2\/users\/2"}],"replies":[{"embeddable":true,"href":"https:\/\/hostnetart.com.br\/baixada\/wp-json\/wp\/v2\/comments?post=15666"}],"version-history":[{"count":0,"href":"https:\/\/hostnetart.com.br\/baixada\/wp-json\/wp\/v2\/posts\/15666\/revisions"}],"wp:featuredmedia":[{"embeddable":true,"href":"https:\/\/hostnetart.com.br\/baixada\/wp-json\/wp\/v2\/media\/15665"}],"wp:attachment":[{"href":"https:\/\/hostnetart.com.br\/baixada\/wp-json\/wp\/v2\/media?parent=15666"}],"wp:term":[{"taxonomy":"category","embeddable":true,"href":"https:\/\/hostnetart.com.br\/baixada\/wp-json\/wp\/v2\/categories?post=15666"},{"taxonomy":"post_tag","embeddable":true,"href":"https:\/\/hostnetart.com.br\/baixada\/wp-json\/wp\/v2\/tags?post=15666"}],"curies":[{"name":"wp","href":"https:\/\/api.w.org\/{rel}","templated":true}]}}