{"id":15662,"date":"2024-08-14T18:24:07","date_gmt":"2024-08-14T21:24:07","guid":{"rendered":"https:\/\/hostnetart.com.br\/baixada\/respostas-as-reivindicacoes-dos-funcionarios-do-bb-sao-insatisfatorias\/"},"modified":"2024-08-14T18:24:07","modified_gmt":"2024-08-14T21:24:07","slug":"respostas-as-reivindicacoes-dos-funcionarios-do-bb-sao-insatisfatorias","status":"publish","type":"post","link":"https:\/\/hostnetart.com.br\/baixada\/respostas-as-reivindicacoes-dos-funcionarios-do-bb-sao-insatisfatorias\/","title":{"rendered":"Respostas \u00e0s reivindica\u00e7\u00f5es dos funcion\u00e1rios do BB s\u00e3o insatisfat\u00f3rias"},"content":{"rendered":"<\/p>\n<p>Nesta quarta-feira, 14 de agosto, em S\u00e3o Paulo, o <strong>Banco do Brasil<\/strong> apresentou respostas a algumas das reivindica\u00e7\u00f5es da Comiss\u00e3o de Empresa dos Funcion\u00e1rios do Banco do Brasil (<strong>CEBB<\/strong>) durante a <strong>s\u00e9tima<\/strong> rodada de <strong>negocia\u00e7\u00e3o<\/strong>espec\u00edfica da Campanha Nacional 2024, focada na renova\u00e7\u00e3o do Acordo Coletivo de Trabalho (ACT).<\/p>\n<p>No entanto, as respostas geraram grandes frustra\u00e7\u00f5es por serem classificadas como insatisfat\u00f3rias.<\/p>\n<p><strong>Bethania Emerick<\/strong>, Diretora de Cultura e representante em exerc\u00edcio da Federa\u00e7\u00e3o dos Trabalhadores do Ramo Financeiro dos Estados do Rio de Janeiro e Esp\u00edrito Santo (<strong>Fetraf RJ\/ES<\/strong>) na CEBB, representou a entidade na reuni\u00e3o.<\/p>\n<p>\u201cA expectativa era que o BB trouxesse sinaliza\u00e7\u00e3o de avan\u00e7os em alguns temas, que s\u00e3o muito caros ao funcionalismo. Infelizmente, sa\u00edmos frustrados com as poucas devolutivas trazidas. Esperamos que a pr\u00f3xima mesa seja mais produtiva.\u201d, declarou Bethania.<\/p>\n<p>Entre os temas discutidos, um dos pontos centrais foi o ass\u00e9dio moral e a desconex\u00e3o. O banco prop\u00f4s a utiliza\u00e7\u00e3o de uma nova ferramenta, chamada Slack, que teria controle de jornada e salvamento de conversas, substituindo o uso do WhatsApp para quest\u00f5es de trabalho, que ser\u00e1 proibido.<\/p>\n<p>Outro ponto abordado foi o banco de horas negativas adquiridas durante a pandemia da covid. Atualmente, 5.233 funcion\u00e1rios ainda possuem horas devedoras. Desses, 4.707 t\u00eam at\u00e9 360 horas negativas, algo que, segundo o banco, seria poss\u00edvel de zerar at\u00e9 o prazo estabelecido, em maio de 2025. No entanto, 566 funcion\u00e1rios enfrentam uma situa\u00e7\u00e3o mais complicada, com uma m\u00e9dia de 1.034 horas devedoras, sendo que 239 destes t\u00eam mais de 60 anos de idade. Como proposta, o Banco do Brasil sugeriu anistiar as horas de quem tem mais de 60 anos e pais com filhos com defici\u00eancia que possuem redu\u00e7\u00e3o de jornada, al\u00e9m de iniciar um programa de incentivo ao pagamento das horas restantes. A comiss\u00e3o refor\u00e7ou o pedido por anistia a todos funcion\u00e1rios. \u201cN\u00f3s n\u00e3o queremos chegar em maio do ano que vem e temos de debater este tema novamente. Est\u00e1 na hora de deixarmos a pandemia para tr\u00e1s\u201d, afirmou o secret\u00e1rio-geral da Contraf-CUT, Gustavo Tabatinga Jr.<\/p>\n<p>Sobre a Participa\u00e7\u00e3o nos Lucros e Resultados (PLR), o banco negou a possibilidade de eliminar o teto existente, frustrando uma das expectativas dos funcion\u00e1rios. Em rela\u00e7\u00e3o \u00e0 revis\u00e3o de cargos, o banco ainda n\u00e3o deu nenhuma devolutiva, alegando que a quest\u00e3o ainda est\u00e1 em debate interno.<\/p>\n<p>A comiss\u00e3o tamb\u00e9m cobrou um retorno sobre o programa Perfoma, plano de cargos e sal\u00e1rios, e sobre as metas impostas aos funcion\u00e1rios. \u201cA rede varejo continua nos cobrando muito, pois os funcion\u00e1rios continuam adoecendo com essa cobran\u00e7a enlouquecedora por vendas. Era importante a gente sair daqui com um retorno,\u201d destacou a coordenadora da CEBB, Fernanda Lopes.<\/p>\n<p>Outro ponto que ficou sem resposta foi a quest\u00e3o da sa\u00fade e previd\u00eancia dos incorporados, assim como a reposi\u00e7\u00e3o de funcion\u00e1rios ap\u00f3s o desmonte que o Banco do Brasil sofreu nos \u00faltimos governos federais. A comiss\u00e3o tamb\u00e9m ressaltou a import\u00e2ncia da amplia\u00e7\u00e3o da licen\u00e7a parentalidade. \u201cA gente esperava sinaliza\u00e7\u00f5es positivas para que avan\u00e7\u00e1ssemos para a renova\u00e7\u00e3o do acordo,\u201d concluiu Fernanda.<\/p>\n<p>Durante a reuni\u00e3o, o banco tamb\u00e9m anunciou que todos os funcion\u00e1rios da rede, ag\u00eancias e escrit\u00f3rios ser\u00e3o migrados para uma nova plataforma digital de concorr\u00eancia a partir desta quinta-feira (15), deixando o sistema antigo obsoleto. \u201cConsideramos positiva a migra\u00e7\u00e3o do TAO para o DIGITAO, pois garante maior transpar\u00eancia nos processos de concorr\u00eancia e ascens\u00e3o\u201d, afirmou Fernanda.<\/p>\n<p>A pr\u00f3xima reuni\u00e3o foi marcada para o dia 22 de agosto, \u00e0s 15h, em Bras\u00edlia.<\/p>\n<p>*<em>com informa\u00e7\u00f5es da Contraf-CUT<\/em><\/p>\n","protected":false},"excerpt":{"rendered":"<p>Nesta quarta-feira, 14 de agosto, em S\u00e3o Paulo, o Banco do Brasil apresentou respostas a algumas das reivindica\u00e7\u00f5es da Comiss\u00e3o de Empresa dos Funcion\u00e1rios do Banco do Brasil (CEBB) durante a s\u00e9tima rodada de negocia\u00e7\u00e3oespec\u00edfica da Campanha Nacional 2024, focada na renova\u00e7\u00e3o do Acordo Coletivo de Trabalho (ACT). No entanto, as respostas geraram grandes frustra\u00e7\u00f5es [&hellip;]<\/p>\n","protected":false},"author":2,"featured_media":15661,"comment_status":"","ping_status":"","sticky":false,"template":"","format":"standard","meta":{"footnotes":""},"categories":[3],"tags":[],"class_list":["post-15662","post","type-post","status-publish","format-standard","has-post-thumbnail","hentry","category-noticias"],"_links":{"self":[{"href":"https:\/\/hostnetart.com.br\/baixada\/wp-json\/wp\/v2\/posts\/15662","targetHints":{"allow":["GET"]}}],"collection":[{"href":"https:\/\/hostnetart.com.br\/baixada\/wp-json\/wp\/v2\/posts"}],"about":[{"href":"https:\/\/hostnetart.com.br\/baixada\/wp-json\/wp\/v2\/types\/post"}],"author":[{"embeddable":true,"href":"https:\/\/hostnetart.com.br\/baixada\/wp-json\/wp\/v2\/users\/2"}],"replies":[{"embeddable":true,"href":"https:\/\/hostnetart.com.br\/baixada\/wp-json\/wp\/v2\/comments?post=15662"}],"version-history":[{"count":0,"href":"https:\/\/hostnetart.com.br\/baixada\/wp-json\/wp\/v2\/posts\/15662\/revisions"}],"wp:featuredmedia":[{"embeddable":true,"href":"https:\/\/hostnetart.com.br\/baixada\/wp-json\/wp\/v2\/media\/15661"}],"wp:attachment":[{"href":"https:\/\/hostnetart.com.br\/baixada\/wp-json\/wp\/v2\/media?parent=15662"}],"wp:term":[{"taxonomy":"category","embeddable":true,"href":"https:\/\/hostnetart.com.br\/baixada\/wp-json\/wp\/v2\/categories?post=15662"},{"taxonomy":"post_tag","embeddable":true,"href":"https:\/\/hostnetart.com.br\/baixada\/wp-json\/wp\/v2\/tags?post=15662"}],"curies":[{"name":"wp","href":"https:\/\/api.w.org\/{rel}","templated":true}]}}